{"id":30022,"date":"2026-04-28T11:38:14","date_gmt":"2026-04-28T11:38:14","guid":{"rendered":"https:\/\/eskigazeteci.com\/?p=30022"},"modified":"2026-04-28T11:38:14","modified_gmt":"2026-04-28T11:38:14","slug":"italyan-basini-yazdi-semih-kilicsoy-kayiplarda","status":"publish","type":"post","link":"https:\/\/eskigazeteci.com\/?p=30022","title":{"rendered":"\u0130talyan bas\u0131n\u0131 yazd\u0131: &#8216;Semih K\u0131l\u0131\u00e7soy kay\u0131plarda!&#8217;"},"content":{"rendered":"<p>Serie A\u2019da k\u00fcme d\u00fc\u015fme tehlikesi ya\u015fayan Cagliari, sahas\u0131nda Atalanta\u2019y\u0131 3-2 ma\u011flup ederek kritik bir galibiyete imza att\u0131.<\/p>\n<p>Cagliari\u2019de kiral\u0131k olarak forma giyen milli oyuncu Semih K\u0131l\u0131\u00e7soy ise kar\u015f\u0131la\u015fmada s\u00fcre alamad\u0131. \u0130talyan bas\u0131n\u0131 ise gen\u00e7 futbolcunun son d\u00f6nemdeki durumunu ele ald\u0131.<\/p>\n<p>Tutto Mercato&#x27;dan Niccol\u00f2 Righi, Semih K\u0131l\u0131\u00e7soy\u2019un durumunu \u015fu \u015fekilde de\u011ferlendirdi:<\/p>\n<p>&quot;K\u0131l\u0131\u00e7soy ortadan kayboldu: Bir aydan fazlad\u0131r ilk 11&#x27;de oynam\u0131yor, Pisacane onun yerine 2007 do\u011fumlu bir oyuncuyu tercih etti.<\/p>\n<p>Semih K\u0131l\u0131\u00e7soy &#x27;a ne oldu? Sezonun ilk yar\u0131s\u0131nda Cagliari formas\u0131yla ba\u015frol oynayan 2005 do\u011fumlu T\u00fcrk forvet, Fabio Pisacane&#x27;nin kadrosundan tamamen kaybolmu\u015f g\u00f6r\u00fcn\u00fcyor. Pisacane, haftalard\u0131r Folorunsho&#x27;dan Borrelli&#x27;ye, hatta Atalanta ma\u00e7\u0131nda ilk 11&#x27;de ilk kez sahaya \u00e7\u0131kan 2007 do\u011fumlu Paul Mendy&#x27;ye kadar farkl\u0131 oyuncular\u0131 tercih ediyor.<\/p>\n<p>K\u0131l\u0131\u00e7soy&#x27;un son kez ilk 11&#x27;de oynad\u0131\u011f\u0131 ma\u00e7 yakla\u015f\u0131k bir bu\u00e7uk ay \u00f6nce, 15 Mart&#x27;ta ger\u00e7ekle\u015fti ve son ma\u00e7larda 90 dakika boyunca yedek kul\u00fcbesinde kald\u0131. Bunun nedeni, Pisacane&#x27;nin Inter ma\u00e7\u0131n\u0131n ard\u0131ndan yapt\u0131\u011f\u0131 a\u00e7\u0131klamada da belirtti\u011fi gibi, oyuncunun antrenmanlardaki d\u00fc\u015f\u00fck performans\u0131 g\u00f6steriliyor: \u201c\u015eu anda fiziksel a\u00e7\u0131dan bana bir garanti&#8230;<\/p>\n","protected":false},"excerpt":{"rendered":"<p>\u0130talya Serie A&#8217;n\u0131n 34. haftas\u0131nda Cagliari, Atalanta&#8217;y\u0131 3-2 ma\u011flup etti. Kar\u015f\u0131la\u015fmada Semih K\u0131l\u0131\u00e7soy s\u00fcre alamad\u0131. \u0130talyan bas\u0131n\u0131 gen\u00e7 oyuncunun son&#8230;<\/p>\n","protected":false},"author":2,"featured_media":30021,"comment_status":"open","ping_status":"open","sticky":false,"template":"","format":"standard","meta":{"footnotes":""},"categories":[8,5,7],"tags":[],"class_list":["post-30022","post","type-post","status-publish","format-standard","has-post-thumbnail","hentry","category-arsiv","category-son-dakika","category-spor"],"_links":{"self":[{"href":"https:\/\/eskigazeteci.com\/index.php?rest_route=\/wp\/v2\/posts\/30022","targetHints":{"allow":["GET"]}}],"collection":[{"href":"https:\/\/eskigazeteci.com\/index.php?rest_route=\/wp\/v2\/posts"}],"about":[{"href":"https:\/\/eskigazeteci.com\/index.php?rest_route=\/wp\/v2\/types\/post"}],"author":[{"embeddable":true,"href":"https:\/\/eskigazeteci.com\/index.php?rest_route=\/wp\/v2\/users\/2"}],"replies":[{"embeddable":true,"href":"https:\/\/eskigazeteci.com\/index.php?rest_route=%2Fwp%2Fv2%2Fcomments&post=30022"}],"version-history":[{"count":0,"href":"https:\/\/eskigazeteci.com\/index.php?rest_route=\/wp\/v2\/posts\/30022\/revisions"}],"wp:featuredmedia":[{"embeddable":true,"href":"https:\/\/eskigazeteci.com\/index.php?rest_route=\/wp\/v2\/media\/30021"}],"wp:attachment":[{"href":"https:\/\/eskigazeteci.com\/index.php?rest_route=%2Fwp%2Fv2%2Fmedia&parent=30022"}],"wp:term":[{"taxonomy":"category","embeddable":true,"href":"https:\/\/eskigazeteci.com\/index.php?rest_route=%2Fwp%2Fv2%2Fcategories&post=30022"},{"taxonomy":"post_tag","embeddable":true,"href":"https:\/\/eskigazeteci.com\/index.php?rest_route=%2Fwp%2Fv2%2Ftags&post=30022"}],"curies":[{"name":"wp","href":"https:\/\/api.w.org\/{rel}","templated":true}]}}