{"id":30014,"date":"2026-04-28T11:16:41","date_gmt":"2026-04-28T11:16:41","guid":{"rendered":"https:\/\/eskigazeteci.com\/?p=30014"},"modified":"2026-04-28T11:16:41","modified_gmt":"2026-04-28T11:16:41","slug":"kayip-kadin-su-kuyusunda-olu-bulundu","status":"publish","type":"post","link":"https:\/\/eskigazeteci.com\/?p=30014","title":{"rendered":"Kay\u0131p kad\u0131n su kuyusunda \u00f6l\u00fc bulundu"},"content":{"rendered":"<p>Olay, 19 May\u0131s il\u00e7esi Y\u00f6r\u00fckler Mahallesi Galeri\u00e7 mevkiinde meydana geldi. Edinilen bilgilere g\u00f6re, Selma Ayg\u00fcn&#x27;\u00fc (60) en son d\u00fcn saat 16.00 s\u0131ralar\u0131nda g\u00f6ren e\u015fi, ak\u015fam eve d\u00f6nd\u00fc\u011f\u00fcnde e\u015fini bulamay\u0131nca \u00e7evrede arama yapt\u0131. Sonu\u00e7 alamayan e\u015f, durumu 112 Acil \u00c7a\u011fr\u0131 Merkezi&#x27;ne bildirdi.<\/p>\n<p>\u0130hbar \u00fczerine ba\u015flat\u0131lan arama \u00e7al\u0131\u015fmalar\u0131nda, kom\u015fular\u0131n da kat\u0131l\u0131m\u0131yla yap\u0131lan kontrollerde Selma Ayg\u00fcn , evine yakla\u015f\u0131k 50 metre mesafede bulunan ve yakla\u015f\u0131k 3 metre derinli\u011finde su dolu kuyuda hareketsiz halde bulundu. Sa\u011fl\u0131k ekipleri taraf\u0131ndan yap\u0131lan kontrolde kad\u0131n\u0131n hayat\u0131n\u0131 kaybetti\u011fi belirlendi. \u015e\u00fcpheli bulunan \u00f6l\u00fcmle ilgili olarak olay yerinde jandarma ekipleri taraf\u0131ndan inceleme ba\u015flat\u0131l\u0131rken, Selma Ayg\u00fcn&#x27;\u00fcn cans\u0131z bedeni kesin \u00f6l\u00fcm nedeninin belirlenmesi amac\u0131yla Samsun Adli T\u0131p Kurumu Grup Ba\u015fkanl\u0131\u011f\u0131&#x27;na g\u00f6nderildi.<\/p>\n<p>Olayla ilgili soru\u015fturma devam ediyor.<\/p>\n<p>T\u00fcrkiye g\u00fcndeminden son dakika haberleri, bug\u00fcn ya\u015fanan en son geli\u015fmeler, siyaset g\u00fcndeminden g\u00fcncel haberler ve b\u00fct\u00fcn son dakika haberleri i\u00e7in H\u00fcrriyet&#x27;in internet haber sitesi hurriyet.com.tr; Hurriyet.com.tr haber i\u00e7erikleri kaynak g\u00f6sterilmeden al\u0131nt\u0131 yap\u0131lamaz, Kanuna ayk\u0131r\u0131 ve izinsiz olarak kopyalanamaz, ba\u015fka yerde&#8230;<\/p>\n","protected":false},"excerpt":{"rendered":"<p>Samsun&#8217;un 19 May\u0131s il\u00e7esinde kay\u0131p olarak aranan kad\u0131n, evinin yak\u0131n\u0131ndaki su kuyusunda \u00f6l\u00fc bulundu.<\/p>\n","protected":false},"author":2,"featured_media":30013,"comment_status":"open","ping_status":"open","sticky":false,"template":"","format":"standard","meta":{"footnotes":""},"categories":[8,6,5],"tags":[],"class_list":["post-30014","post","type-post","status-publish","format-standard","has-post-thumbnail","hentry","category-arsiv","category-gundem","category-son-dakika"],"_links":{"self":[{"href":"https:\/\/eskigazeteci.com\/index.php?rest_route=\/wp\/v2\/posts\/30014","targetHints":{"allow":["GET"]}}],"collection":[{"href":"https:\/\/eskigazeteci.com\/index.php?rest_route=\/wp\/v2\/posts"}],"about":[{"href":"https:\/\/eskigazeteci.com\/index.php?rest_route=\/wp\/v2\/types\/post"}],"author":[{"embeddable":true,"href":"https:\/\/eskigazeteci.com\/index.php?rest_route=\/wp\/v2\/users\/2"}],"replies":[{"embeddable":true,"href":"https:\/\/eskigazeteci.com\/index.php?rest_route=%2Fwp%2Fv2%2Fcomments&post=30014"}],"version-history":[{"count":0,"href":"https:\/\/eskigazeteci.com\/index.php?rest_route=\/wp\/v2\/posts\/30014\/revisions"}],"wp:featuredmedia":[{"embeddable":true,"href":"https:\/\/eskigazeteci.com\/index.php?rest_route=\/wp\/v2\/media\/30013"}],"wp:attachment":[{"href":"https:\/\/eskigazeteci.com\/index.php?rest_route=%2Fwp%2Fv2%2Fmedia&parent=30014"}],"wp:term":[{"taxonomy":"category","embeddable":true,"href":"https:\/\/eskigazeteci.com\/index.php?rest_route=%2Fwp%2Fv2%2Fcategories&post=30014"},{"taxonomy":"post_tag","embeddable":true,"href":"https:\/\/eskigazeteci.com\/index.php?rest_route=%2Fwp%2Fv2%2Ftags&post=30014"}],"curies":[{"name":"wp","href":"https:\/\/api.w.org\/{rel}","templated":true}]}}