{"id":300,"date":"2026-02-09T11:13:30","date_gmt":"2026-02-09T11:13:30","guid":{"rendered":"https:\/\/eskigazeteci.com\/?p=300"},"modified":"2026-02-09T11:13:30","modified_gmt":"2026-02-09T11:13:30","slug":"haber-125","status":"publish","type":"post","link":"https:\/\/eskigazeteci.com\/?p=300","title":{"rendered":"Haber"},"content":{"rendered":"<p>Trabzonspor ve Fenerbah\u00e7e, bu hafta sonu kar\u015f\u0131 kar\u015f\u0131ya geliyor. Futbolseverler bu hafta oynanacak m\u00fccadeleyi yak\u0131ndan takip edebilmek i\u00e7in biletlerin sat\u0131\u015fa sunulaca\u011f\u0131 tarihi ara\u015ft\u0131r\u0131yor. S\u00fcper Lig 22. haftada oynanacak m\u00fccadele ekiplerin, \u015fampiyonluk yar\u0131\u015f\u0131nda puan tablosunda \u00fcst s\u0131ralara y\u00fckselmesi i\u00e7in kritik \u00f6neme sahip. Peki Trabzonspor &#8211; Fenerbah\u00e7e biletleri ne zaman sat\u0131\u015fa \u00e7\u0131kacak?<\/p>\n<p>Trabzonspor ve Fenerbah\u00e7e, S\u00fcper Lig 22. hafta ma\u00e7\u0131nda 14 \u015eubat 2026 Cumartesi g\u00fcn\u00fc kar\u015f\u0131 kar\u015f\u0131ya geliyor. Papara Park&#x27;ta oynanacak m\u00fcsabaka saat 20.00&#x27;de ba\u015flayacak.<\/p>\n<p>Trabzonspor ve Fenerbah\u00e7e, S\u00fcper Lig 22. hafta ma\u00e7\u0131nda 14 \u015eubat 2026 Cumartesi g\u00fcn\u00fc kar\u015f\u0131 kar\u015f\u0131ya geliyor.<\/p>\n<p>Papara Park&#x27;ta oynanacak m\u00fcsabaka saat 20.00&#x27;de ba\u015flayacak.<\/p>\n<p>Bu hafta sonu oynanacak Trabzonspor Fenerbah\u00e7e kar\u015f\u0131la\u015fmas\u0131n\u0131n biletleri hen\u00fcz sat\u0131\u015fa \u00e7\u0131kmad\u0131. Trabzonspor ve Fenerbah\u00e7e ma\u00e7 biletlerinin m\u00fcsabakadan birka\u00e7 g\u00fcn \u00f6nce sat\u0131\u015fa sunulmas\u0131 bekleniyor. Bilet fiyatlar\u0131 da sat\u0131\u015fa \u00e7\u0131kmas\u0131yla beraber netle\u015fecek.<\/p>\n<p>T\u00fcrkiye&#x27;den ve D\u00fcnya\u2019dan son dakika haberleri, k\u00f6\u015fe yaz\u0131lar\u0131, magazinden siyasete, spordan seyahate b\u00fct\u00fcn konular\u0131n tek adresi Hurriyet.com.tr haber i\u00e7erikleri izin al\u0131nmadan, kaynak g\u00f6sterilerek dahi iktibas edilemez. Kanuna ayk\u0131r\u0131 ve izinsiz olarak kopyalanamaz, ba\u015fka yerde yay\u0131nlanamaz.<\/p>\n","protected":false},"excerpt":{"rendered":"<p>Trabzonspor, S\u00fcper Lig 22. hafta ma\u00e7\u0131nda Fenerbah\u00e7e&#8217;yi a\u011f\u0131rlayacak. Heyecanl\u0131 m\u00fccadeleyi stadyumdan takip etmek isteyenler bilet sat\u0131\u015f bilgilerine odakland\u0131&#8230;.<\/p>\n","protected":false},"author":2,"featured_media":299,"comment_status":"open","ping_status":"open","sticky":false,"template":"","format":"standard","meta":{"footnotes":""},"categories":[8,3],"tags":[],"class_list":["post-300","post","type-post","status-publish","format-standard","has-post-thumbnail","hentry","category-arsiv","category-siyaset"],"_links":{"self":[{"href":"https:\/\/eskigazeteci.com\/index.php?rest_route=\/wp\/v2\/posts\/300","targetHints":{"allow":["GET"]}}],"collection":[{"href":"https:\/\/eskigazeteci.com\/index.php?rest_route=\/wp\/v2\/posts"}],"about":[{"href":"https:\/\/eskigazeteci.com\/index.php?rest_route=\/wp\/v2\/types\/post"}],"author":[{"embeddable":true,"href":"https:\/\/eskigazeteci.com\/index.php?rest_route=\/wp\/v2\/users\/2"}],"replies":[{"embeddable":true,"href":"https:\/\/eskigazeteci.com\/index.php?rest_route=%2Fwp%2Fv2%2Fcomments&post=300"}],"version-history":[{"count":0,"href":"https:\/\/eskigazeteci.com\/index.php?rest_route=\/wp\/v2\/posts\/300\/revisions"}],"wp:featuredmedia":[{"embeddable":true,"href":"https:\/\/eskigazeteci.com\/index.php?rest_route=\/wp\/v2\/media\/299"}],"wp:attachment":[{"href":"https:\/\/eskigazeteci.com\/index.php?rest_route=%2Fwp%2Fv2%2Fmedia&parent=300"}],"wp:term":[{"taxonomy":"category","embeddable":true,"href":"https:\/\/eskigazeteci.com\/index.php?rest_route=%2Fwp%2Fv2%2Fcategories&post=300"},{"taxonomy":"post_tag","embeddable":true,"href":"https:\/\/eskigazeteci.com\/index.php?rest_route=%2Fwp%2Fv2%2Ftags&post=300"}],"curies":[{"name":"wp","href":"https:\/\/api.w.org\/{rel}","templated":true}]}}