{"id":29974,"date":"2026-04-28T09:56:35","date_gmt":"2026-04-28T09:56:35","guid":{"rendered":"https:\/\/eskigazeteci.com\/?p=29974"},"modified":"2026-04-28T09:56:35","modified_gmt":"2026-04-28T09:56:35","slug":"yunanistanda-dehset-gunu-pes-pese-silahli-saldirilar","status":"publish","type":"post","link":"https:\/\/eskigazeteci.com\/?p=29974","title":{"rendered":"Yunanistan&#8217;da deh\u015fet g\u00fcn\u00fc: Pe\u015f pe\u015fe silahl\u0131 sald\u0131r\u0131lar"},"content":{"rendered":"<p>Yunanistan&#x27;\u0131n ba\u015fkenti Atina bug\u00fcn pe\u015f pe\u015fe ya\u015fanan silahl\u0131 sald\u0131r\u0131larla sars\u0131ld\u0131. Kentin farkl\u0131 b\u00f6lgelerinde meydana gelen olaylarda toplam 5 ki\u015finin yaraland\u0131\u011f\u0131 bildirildi.<\/p>\n<p>Yunanistan devlet televizyonunun aktard\u0131\u011f\u0131 haberde, sald\u0131r\u0131lar\u0131n g\u00fcn i\u00e7inde Atina \u2019n\u0131n \u00e7e\u015fitli noktalar\u0131nda ger\u00e7ekle\u015fti\u011fi belirtildi. Yaral\u0131lar\u0131n sa\u011fl\u0131k durumuna ili\u015fkin ise hen\u00fcz ayr\u0131nt\u0131l\u0131 bilgi payla\u015f\u0131lmad\u0131.<\/p>\n<p>Yetkililer, sald\u0131r\u0131lar\u0131n \u015f\u00fcphelisi olarak belirlenen 89 ya\u015f\u0131ndaki bir erke\u011fin yakalanmas\u0131 i\u00e7in operasyon ba\u015flat\u0131ld\u0131\u011f\u0131n\u0131 duyurdu. \u015e\u00fcphelinin bulunmas\u0131 i\u00e7in arama \u00e7al\u0131\u015fmalar\u0131n\u0131n s\u00fcrd\u00fc\u011f\u00fc aktar\u0131ld\u0131.<\/p>\n<p>Yurtd\u0131\u015f\u0131nda ya\u015fanan en son olaylar, d\u00fcnya g\u00fcndemine oturan d\u0131\u015f haberler, son dakika d\u00fcnya haberleri, di\u011fer d\u00fcnya \u00fclkelerinden g\u00fcncel haberler i\u00e7in T\u00fcrkiye&#x27;nin haber sitesi hurriyet.com.tr; Hurriyet.com.tr haber i\u00e7erikleri kaynak g\u00f6sterilmeden al\u0131nt\u0131 yap\u0131lamaz, Kanuna ayk\u0131r\u0131 ve izinsiz olarak kopyalanamaz, ba\u015fka yerde yay\u0131nlanamaz.<\/p>\n","protected":false},"excerpt":{"rendered":"<p>Yunanistan&#8217;\u0131n ba\u015fkenti Atina&#8217;da d\u00fczenlenen silahl\u0131 sald\u0131r\u0131larda 5 ki\u015fi yaraland\u0131. Olay\u0131n \u015f\u00fcphelisi olarak belirlenen 89 ya\u015f\u0131ndaki bir ki\u015finin arand\u0131\u011f\u0131&#8230;<\/p>\n","protected":false},"author":2,"featured_media":29973,"comment_status":"open","ping_status":"open","sticky":false,"template":"","format":"standard","meta":{"footnotes":""},"categories":[8,6,5],"tags":[],"class_list":["post-29974","post","type-post","status-publish","format-standard","has-post-thumbnail","hentry","category-arsiv","category-gundem","category-son-dakika"],"_links":{"self":[{"href":"https:\/\/eskigazeteci.com\/index.php?rest_route=\/wp\/v2\/posts\/29974","targetHints":{"allow":["GET"]}}],"collection":[{"href":"https:\/\/eskigazeteci.com\/index.php?rest_route=\/wp\/v2\/posts"}],"about":[{"href":"https:\/\/eskigazeteci.com\/index.php?rest_route=\/wp\/v2\/types\/post"}],"author":[{"embeddable":true,"href":"https:\/\/eskigazeteci.com\/index.php?rest_route=\/wp\/v2\/users\/2"}],"replies":[{"embeddable":true,"href":"https:\/\/eskigazeteci.com\/index.php?rest_route=%2Fwp%2Fv2%2Fcomments&post=29974"}],"version-history":[{"count":0,"href":"https:\/\/eskigazeteci.com\/index.php?rest_route=\/wp\/v2\/posts\/29974\/revisions"}],"wp:featuredmedia":[{"embeddable":true,"href":"https:\/\/eskigazeteci.com\/index.php?rest_route=\/wp\/v2\/media\/29973"}],"wp:attachment":[{"href":"https:\/\/eskigazeteci.com\/index.php?rest_route=%2Fwp%2Fv2%2Fmedia&parent=29974"}],"wp:term":[{"taxonomy":"category","embeddable":true,"href":"https:\/\/eskigazeteci.com\/index.php?rest_route=%2Fwp%2Fv2%2Fcategories&post=29974"},{"taxonomy":"post_tag","embeddable":true,"href":"https:\/\/eskigazeteci.com\/index.php?rest_route=%2Fwp%2Fv2%2Ftags&post=29974"}],"curies":[{"name":"wp","href":"https:\/\/api.w.org\/{rel}","templated":true}]}}