{"id":29972,"date":"2026-04-28T09:55:04","date_gmt":"2026-04-28T09:55:04","guid":{"rendered":"https:\/\/eskigazeteci.com\/?p=29972"},"modified":"2026-04-28T09:55:04","modified_gmt":"2026-04-28T09:55:04","slug":"super-lig-ne-zaman-bitiyor-super-lig-2025","status":"publish","type":"post","link":"https:\/\/eskigazeteci.com\/?p=29972","title":{"rendered":"S\u00fcper Lig ne zaman bitiyor? S\u00fcper Lig 2025"},"content":{"rendered":"<p>S\u00fcper Lig\u2019de sezonun bitmesine say\u0131l\u0131 hafta kald\u0131. Galatasaray ile Fenerbah\u00e7e aras\u0131nda oynanan derbi ma\u00e7\u0131n\u0131n ard\u0131ndan puan fark\u0131n\u0131n a\u00e7\u0131lmas\u0131 sonras\u0131 Galatasaray\u2019\u0131n matematiksel olarak \u015fampiyon olmas\u0131na bir ma\u00e7 kald\u0131. Ligin ikinci yar\u0131s\u0131n\u0131n 16-19 Ocak 2026 tarihleri aras\u0131nda ba\u015flamas\u0131n\u0131n ard\u0131ndan, tak\u0131mlar\u0131n 2026 D\u00fcnya Kupas\u0131 haz\u0131rl\u0131klar\u0131 ve Avrupa kupalar\u0131ndaki yo\u011fun ma\u00e7 trafi\u011fi de g\u00f6z \u00f6n\u00fcnde bulundurularak haz\u0131rlanan bu takvim, May\u0131s ay\u0131n\u0131n ortas\u0131nda futbolseverlere veda edecek.<\/p>\n<p>S\u00fcper Lig\u2019de sezonun bitmesine say\u0131l\u0131 hafta kald\u0131. Galatasaray ile Fenerbah\u00e7e aras\u0131nda oynanan derbi ma\u00e7\u0131n\u0131n ard\u0131ndan puan fark\u0131n\u0131n a\u00e7\u0131lmas\u0131 sonras\u0131 Galatasaray\u2019\u0131n matematiksel olarak \u015fampiyon olmas\u0131na bir ma\u00e7 kald\u0131. Ligin ikinci yar\u0131s\u0131n\u0131n 16-19 Ocak 2026 tarihleri aras\u0131nda ba\u015flamas\u0131n\u0131n ard\u0131ndan, tak\u0131mlar\u0131n 2026 D\u00fcnya Kupas\u0131 haz\u0131rl\u0131klar\u0131 ve Avrupa kupalar\u0131ndaki yo\u011fun ma\u00e7 trafi\u011fi de g\u00f6z \u00f6n\u00fcnde bulundurularak haz\u0131rlanan bu takvim, May\u0131s ay\u0131n\u0131n ortas\u0131nda futbolseverlere veda edecek.<\/p>\n<p>T\u00fcrkiye\u2019nin en \u00fcst d\u00fczey futbol organizasyonu olan S\u00fcper Lig\u2019de 2025-2026 sezonu, TFF\u2019nin belirledi\u011fi planlama \u00e7er\u00e7evesinde 17 May\u0131s 2026 Pazar g\u00fcn\u00fc oynanacak olan 34. hafta kar\u015f\u0131la\u015fmalar\u0131yla resmi olarak&#8230;<\/p>\n","protected":false},"excerpt":{"rendered":"<p>T\u00fcrk futbolunun kalbinin att\u0131\u011f\u0131 Trendyol S\u00fcper Lig\u2019de 2025-2026 sezonunun sonuna ad\u0131m ad\u0131m yakla\u015f\u0131l\u0131rken, \u015fampiyonluk yar\u0131\u015f\u0131 ve k\u00fcmede kalma m\u00fccadelesi veren&#8230;<\/p>\n","protected":false},"author":2,"featured_media":29971,"comment_status":"open","ping_status":"open","sticky":false,"template":"","format":"standard","meta":{"footnotes":""},"categories":[8,5,7],"tags":[],"class_list":["post-29972","post","type-post","status-publish","format-standard","has-post-thumbnail","hentry","category-arsiv","category-son-dakika","category-spor"],"_links":{"self":[{"href":"https:\/\/eskigazeteci.com\/index.php?rest_route=\/wp\/v2\/posts\/29972","targetHints":{"allow":["GET"]}}],"collection":[{"href":"https:\/\/eskigazeteci.com\/index.php?rest_route=\/wp\/v2\/posts"}],"about":[{"href":"https:\/\/eskigazeteci.com\/index.php?rest_route=\/wp\/v2\/types\/post"}],"author":[{"embeddable":true,"href":"https:\/\/eskigazeteci.com\/index.php?rest_route=\/wp\/v2\/users\/2"}],"replies":[{"embeddable":true,"href":"https:\/\/eskigazeteci.com\/index.php?rest_route=%2Fwp%2Fv2%2Fcomments&post=29972"}],"version-history":[{"count":0,"href":"https:\/\/eskigazeteci.com\/index.php?rest_route=\/wp\/v2\/posts\/29972\/revisions"}],"wp:featuredmedia":[{"embeddable":true,"href":"https:\/\/eskigazeteci.com\/index.php?rest_route=\/wp\/v2\/media\/29971"}],"wp:attachment":[{"href":"https:\/\/eskigazeteci.com\/index.php?rest_route=%2Fwp%2Fv2%2Fmedia&parent=29972"}],"wp:term":[{"taxonomy":"category","embeddable":true,"href":"https:\/\/eskigazeteci.com\/index.php?rest_route=%2Fwp%2Fv2%2Fcategories&post=29972"},{"taxonomy":"post_tag","embeddable":true,"href":"https:\/\/eskigazeteci.com\/index.php?rest_route=%2Fwp%2Fv2%2Ftags&post=29972"}],"curies":[{"name":"wp","href":"https:\/\/api.w.org\/{rel}","templated":true}]}}