{"id":29970,"date":"2026-04-28T09:46:35","date_gmt":"2026-04-28T09:46:35","guid":{"rendered":"https:\/\/eskigazeteci.com\/?p=29970"},"modified":"2026-04-28T09:46:35","modified_gmt":"2026-04-28T09:46:35","slug":"lezzet-noktasi-uygulamasi-sanliurfada-gastronomi-turizmini-canlandirdi","status":"publish","type":"post","link":"https:\/\/eskigazeteci.com\/?p=29970","title":{"rendered":"Lezzet noktas\u0131 uygulamas\u0131 \u015eanl\u0131urfa\u2019da gastronomi turizmini canland\u0131rd\u0131"},"content":{"rendered":"<p>T\u00fcrkiye K\u00fclt\u00fcr Yolu Festivali, k\u00fclt\u00fcr ve sanat\u0131n yan\u0131 s\u0131ra \u015fehirlerin \u00f6zg\u00fcn kimli\u011fini olu\u015fturan gastronomiyi de g\u00f6r\u00fcn\u00fcr k\u0131lmaya devam ediyor. Bu y\u0131l ilk kez hayata ge\u00e7irilen \u201cLezzet Noktas\u0131\u201d uygulamas\u0131, festivalin en dikkat \u00e7ekici yeniliklerinden biri olarak \u00f6ne \u00e7\u0131karken, uygulaman\u0131n ilk hayata ge\u00e7ti\u011fi \u015fehir olan \u015eanl\u0131urfa\u2019da hem gastronomi turizmini hem de yerel ekonomiyi canland\u0131rd\u0131. Festival s\u00fcresince restoranlar dolarken, esnaf \u015fehirde olu\u015fan turizm hareketlili\u011fini do\u011frudan hissetti ve festival co\u015fkusunu ya\u015fad\u0131.<\/p>\n<p>K\u00fclt\u00fcr ve Turizm Bakanl\u0131\u011f\u0131 taraf\u0131ndan d\u00fczenlenen T\u00fcrkiye K\u00fclt\u00fcr Yolu Festivali kapsam\u0131nda, TGA (T\u00fcrkiye Turizm Tan\u0131t\u0131m ve Geli\u015ftirme Ajans\u0131) taraf\u0131ndan geli\u015ftirilen Lezzet Noktas\u0131 projesi; \u015fehirlerin gastronomik haf\u0131zas\u0131n\u0131 temsil eden se\u00e7kin i\u015fletmeleri ziyaret\u00e7ilerle bulu\u015fturmay\u0131 ama\u00e7l\u0131yor. B\u00f6ylece gastronomi yaln\u0131zca bir yeme-i\u00e7me deneyimi olmaktan \u00e7\u0131karak, k\u00fclt\u00fcrel ke\u015fif, \u015fehir belle\u011fi ve ekonomik kalk\u0131nmay\u0131 destekleyen b\u00fct\u00fcnc\u00fcl bir yap\u0131ya d\u00f6n\u00fc\u015f\u00fcyor.Festival program\u0131nda gastronomi bu y\u0131l en g\u00fc\u00e7l\u00fc ba\u015fl\u0131klardan biri olarak \u00f6ne \u00e7\u0131k\u0131yor. \u00c7\u00fcnk\u00fc k\u00fclt\u00fcr; sanat\u0131n yan\u0131 s\u0131ra mutfak k\u00fclt\u00fcr\u00fcn\u00fc, \u00e7ar\u015f\u0131 ya\u015fam\u0131n\u0131, \u00fcretim gelene\u011fini ve toplumsal haf\u0131zay\u0131 da kapsayan geni\u015f bir alan\u0131&#8230;<\/p>\n","protected":false},"excerpt":{"rendered":"<p>T\u00fcrkiye K\u00fclt\u00fcr Yolu Festivali kapsam\u0131nda ilk kez hayata ge\u00e7irilen \u201cLezzet Noktas\u0131\u201d uygulamas\u0131, \u015eanl\u0131urfa\u2019da gastronomiyi turizmle bulu\u015fturarak hem yerel&#8230;<\/p>\n","protected":false},"author":2,"featured_media":29969,"comment_status":"open","ping_status":"open","sticky":false,"template":"","format":"standard","meta":{"footnotes":""},"categories":[8,6,5],"tags":[],"class_list":["post-29970","post","type-post","status-publish","format-standard","has-post-thumbnail","hentry","category-arsiv","category-gundem","category-son-dakika"],"_links":{"self":[{"href":"https:\/\/eskigazeteci.com\/index.php?rest_route=\/wp\/v2\/posts\/29970","targetHints":{"allow":["GET"]}}],"collection":[{"href":"https:\/\/eskigazeteci.com\/index.php?rest_route=\/wp\/v2\/posts"}],"about":[{"href":"https:\/\/eskigazeteci.com\/index.php?rest_route=\/wp\/v2\/types\/post"}],"author":[{"embeddable":true,"href":"https:\/\/eskigazeteci.com\/index.php?rest_route=\/wp\/v2\/users\/2"}],"replies":[{"embeddable":true,"href":"https:\/\/eskigazeteci.com\/index.php?rest_route=%2Fwp%2Fv2%2Fcomments&post=29970"}],"version-history":[{"count":0,"href":"https:\/\/eskigazeteci.com\/index.php?rest_route=\/wp\/v2\/posts\/29970\/revisions"}],"wp:featuredmedia":[{"embeddable":true,"href":"https:\/\/eskigazeteci.com\/index.php?rest_route=\/wp\/v2\/media\/29969"}],"wp:attachment":[{"href":"https:\/\/eskigazeteci.com\/index.php?rest_route=%2Fwp%2Fv2%2Fmedia&parent=29970"}],"wp:term":[{"taxonomy":"category","embeddable":true,"href":"https:\/\/eskigazeteci.com\/index.php?rest_route=%2Fwp%2Fv2%2Fcategories&post=29970"},{"taxonomy":"post_tag","embeddable":true,"href":"https:\/\/eskigazeteci.com\/index.php?rest_route=%2Fwp%2Fv2%2Ftags&post=29970"}],"curies":[{"name":"wp","href":"https:\/\/api.w.org\/{rel}","templated":true}]}}