{"id":29966,"date":"2026-04-28T09:38:00","date_gmt":"2026-04-28T09:38:00","guid":{"rendered":"https:\/\/eskigazeteci.com\/?p=29966"},"modified":"2026-04-28T09:38:00","modified_gmt":"2026-04-28T09:38:00","slug":"park-alanindan-cikan-otomobile-carpip-takla-atti-2si-cocuk-5-yarali","status":"publish","type":"post","link":"https:\/\/eskigazeteci.com\/?p=29966","title":{"rendered":"Park alan\u0131ndan \u00e7\u0131kan otomobile \u00e7arp\u0131p takla att\u0131: 2&#8217;si \u00e7ocuk 5 yaral\u0131"},"content":{"rendered":"<p>Kaza, \u00f6nceki g\u00fcn saat 17.30 s\u0131ralar\u0131nda \u00d6nerler Mahallesi Ziya G\u00f6kalp Bulvar\u0131 \u2019nda meydana geldi. E.G.&#x27;nin kulland\u0131\u011f\u0131 34 PIY 029 plakal\u0131 otomobil, park halindeyken s\u00fcr\u00fcc\u00fcn\u00fcn hareket ettirip yola \u00e7\u0131kard\u0131\u011f\u0131 C.U. y\u00f6netimindeki otomobile \u00e7arpt\u0131.<\/p>\n<p>2&#x27;S\u0130 \u00c7OCUK 5 YARALI<\/p>\n<p>Savrulan E.G.&#x27;nin otomobili, yakla\u015f\u0131k 25 metre taklalar att\u0131. \u00c7evredekilerin ihbar\u0131yla kaza yerine jandarma ve sa\u011fl\u0131k ekipleri sevk edildi. Her iki ara\u00e7ta yaralanan 2&#x27;si \u00e7ocuk, 5 ki\u015fi, \u00c7orlu Devlet Hastanesi&#x27;ne kald\u0131r\u0131larak tedaviye al\u0131nd\u0131. Yaral\u0131lar\u0131n durumlar\u0131n\u0131n iyi oldu\u011fu belirtildi.<\/p>\n<p>Bu arada kaza, \u00e7evredeki bir i\u015f yerinin g\u00fcvenlik kameras\u0131na yans\u0131d\u0131.<\/p>\n<p>T\u00fcrkiye g\u00fcndeminden son dakika haberleri, bug\u00fcn ya\u015fanan en son geli\u015fmeler, siyaset g\u00fcndeminden g\u00fcncel haberler ve b\u00fct\u00fcn son dakika haberleri i\u00e7in H\u00fcrriyet&#x27;in internet haber sitesi hurriyet.com.tr; Hurriyet.com.tr haber i\u00e7erikleri kaynak g\u00f6sterilmeden al\u0131nt\u0131 yap\u0131lamaz, Kanuna ayk\u0131r\u0131 ve izinsiz olarak kopyalanamaz, ba\u015fka yerde yay\u0131nlanamaz.<\/p>\n","protected":false},"excerpt":{"rendered":"<p>Tekirda\u011f&#8217;\u0131n \u00c7orlu il\u00e7esinde otomobil, yol kenar\u0131nda park halindeyken s\u00fcr\u00fcc\u00fcs\u00fcn\u00fcn hareket ettirdi\u011fi ba\u015fka bir otomobile \u00e7arp\u0131p, taklalar att\u0131. Bir i\u015f yerinin&#8230;<\/p>\n","protected":false},"author":2,"featured_media":29965,"comment_status":"open","ping_status":"open","sticky":false,"template":"","format":"standard","meta":{"footnotes":""},"categories":[8,6,5],"tags":[],"class_list":["post-29966","post","type-post","status-publish","format-standard","has-post-thumbnail","hentry","category-arsiv","category-gundem","category-son-dakika"],"_links":{"self":[{"href":"https:\/\/eskigazeteci.com\/index.php?rest_route=\/wp\/v2\/posts\/29966","targetHints":{"allow":["GET"]}}],"collection":[{"href":"https:\/\/eskigazeteci.com\/index.php?rest_route=\/wp\/v2\/posts"}],"about":[{"href":"https:\/\/eskigazeteci.com\/index.php?rest_route=\/wp\/v2\/types\/post"}],"author":[{"embeddable":true,"href":"https:\/\/eskigazeteci.com\/index.php?rest_route=\/wp\/v2\/users\/2"}],"replies":[{"embeddable":true,"href":"https:\/\/eskigazeteci.com\/index.php?rest_route=%2Fwp%2Fv2%2Fcomments&post=29966"}],"version-history":[{"count":0,"href":"https:\/\/eskigazeteci.com\/index.php?rest_route=\/wp\/v2\/posts\/29966\/revisions"}],"wp:featuredmedia":[{"embeddable":true,"href":"https:\/\/eskigazeteci.com\/index.php?rest_route=\/wp\/v2\/media\/29965"}],"wp:attachment":[{"href":"https:\/\/eskigazeteci.com\/index.php?rest_route=%2Fwp%2Fv2%2Fmedia&parent=29966"}],"wp:term":[{"taxonomy":"category","embeddable":true,"href":"https:\/\/eskigazeteci.com\/index.php?rest_route=%2Fwp%2Fv2%2Fcategories&post=29966"},{"taxonomy":"post_tag","embeddable":true,"href":"https:\/\/eskigazeteci.com\/index.php?rest_route=%2Fwp%2Fv2%2Ftags&post=29966"}],"curies":[{"name":"wp","href":"https:\/\/api.w.org\/{rel}","templated":true}]}}