{"id":29960,"date":"2026-04-28T09:26:35","date_gmt":"2026-04-28T09:26:35","guid":{"rendered":"https:\/\/eskigazeteci.com\/?p=29960"},"modified":"2026-04-28T09:26:35","modified_gmt":"2026-04-28T09:26:35","slug":"sehit-ailesine-musallat-oldular-ya-100-deve-vereceksiniz-ya-da-evlerinizi-santaji","status":"publish","type":"post","link":"https:\/\/eskigazeteci.com\/?p=29960","title":{"rendered":"\u015eehit ailesine musallat oldular: Ya 100 deve vereceksiniz ya da evlerinizi \u015fantaj\u0131"},"content":{"rendered":"<p>\u015eehit karde\u015fi Yunus A., a\u011fabeyi Mahsum A.&#x27;n\u0131n kay\u0131nbiraderi Kerim K. ile birlikte Temmuz 2025&#x27;te Adana&#x27;da trafikte bir grupla tart\u0131\u015ft\u0131. Kavgaya d\u00f6n\u00fc\u015fen tart\u0131\u015fmada gruptan birinin yaralanmas\u0131yla olay kan davas\u0131na d\u00f6n\u00fc\u015ft\u00fc. Grup, arac\u0131lar \u00fczerinden \u015fehit ailesinden 100 deve, bug\u00fcn\u00fcn paras\u0131yla yakla\u015f\u0131k 40 milyon lira &#x27;kan paras\u0131&#x27; istedi. \u015eehit ailesi, bunu kar\u015f\u0131lamay\u0131nca evlerinin kundaklanmas\u0131 sonucu polis e\u015fli\u011finde Adana&#x27;dan g\u00f6\u00e7 ederek farkl\u0131 \u015fehirlere da\u011f\u0131ld\u0131. \u015eehit ailesi, ta\u015f\u0131nd\u0131klar\u0131 \u015fehirlerde de tehditler almalar\u0131 \u00fczerine Bakanl\u0131klara \u00e7a\u011fr\u0131da bulundu. \u015eehit karde\u015fi Mahsum A., yakla\u015f\u0131k 1 y\u0131ld\u0131r ailesiyle birlikte \u00e7ok a\u011f\u0131r ve korku dolu bir s\u00fcre\u00e7ten ge\u00e7tiklerini s\u00f6yledi.<\/p>\n<p>Olaylar\u0131n, karde\u015fi ve kay\u0131nbiraderinin ya\u015fanan bir kavga ile ba\u015flad\u0131\u011f\u0131na de\u011finen Mahsum A., s\u00fcrecin k\u0131sa s\u00fcrede b\u00fcy\u00fcyerek kontrol edilemez bir hale geldi\u011fini dile getirdi. Mahsum A., bu s\u00fcre\u00e7te bir grup taraf\u0131ndan hedef al\u0131nd\u0131klar\u0131n\u0131 \u00f6ne s\u00fcrerek, &quot;Bu \u015fah\u0131slar, kendi beyanlar\u0131na g\u00f6re ve taraf\u0131m\u0131za ilettikleri ses kay\u0131tlar\u0131nda kendilerini DEA\u015e ter\u00f6r \u00f6rg\u00fct\u00fc mensubu olarak tan\u0131tt\u0131lar. Bu ki\u015filer silahlanarak evimizi bast\u0131, \u00fczerimize ate\u015f a\u00e7t\u0131lar. Ailem kendini korumaya \u00e7al\u0131\u015f\u0131rken bir ki\u015fi yaraland\u0131. Bu olaydan&#8230;<\/p>\n","protected":false},"excerpt":{"rendered":"<p>Adana&#8217;da \u015fehit karde\u015fi ve a\u011fabeyinin kay\u0131nbiraderinin trafikte ya\u015fad\u0131\u011f\u0131 tart\u0131\u015fma, tart\u0131\u015fman\u0131n taraflar\u0131nca husumete d\u00f6n\u00fc\u015ft\u00fcr\u00fcld\u00fc. Bir ki\u015finin yaraland\u0131\u011f\u0131&#8230;<\/p>\n","protected":false},"author":2,"featured_media":29959,"comment_status":"open","ping_status":"open","sticky":false,"template":"","format":"standard","meta":{"footnotes":""},"categories":[8,6,5],"tags":[],"class_list":["post-29960","post","type-post","status-publish","format-standard","has-post-thumbnail","hentry","category-arsiv","category-gundem","category-son-dakika"],"_links":{"self":[{"href":"https:\/\/eskigazeteci.com\/index.php?rest_route=\/wp\/v2\/posts\/29960","targetHints":{"allow":["GET"]}}],"collection":[{"href":"https:\/\/eskigazeteci.com\/index.php?rest_route=\/wp\/v2\/posts"}],"about":[{"href":"https:\/\/eskigazeteci.com\/index.php?rest_route=\/wp\/v2\/types\/post"}],"author":[{"embeddable":true,"href":"https:\/\/eskigazeteci.com\/index.php?rest_route=\/wp\/v2\/users\/2"}],"replies":[{"embeddable":true,"href":"https:\/\/eskigazeteci.com\/index.php?rest_route=%2Fwp%2Fv2%2Fcomments&post=29960"}],"version-history":[{"count":0,"href":"https:\/\/eskigazeteci.com\/index.php?rest_route=\/wp\/v2\/posts\/29960\/revisions"}],"wp:featuredmedia":[{"embeddable":true,"href":"https:\/\/eskigazeteci.com\/index.php?rest_route=\/wp\/v2\/media\/29959"}],"wp:attachment":[{"href":"https:\/\/eskigazeteci.com\/index.php?rest_route=%2Fwp%2Fv2%2Fmedia&parent=29960"}],"wp:term":[{"taxonomy":"category","embeddable":true,"href":"https:\/\/eskigazeteci.com\/index.php?rest_route=%2Fwp%2Fv2%2Fcategories&post=29960"},{"taxonomy":"post_tag","embeddable":true,"href":"https:\/\/eskigazeteci.com\/index.php?rest_route=%2Fwp%2Fv2%2Ftags&post=29960"}],"curies":[{"name":"wp","href":"https:\/\/api.w.org\/{rel}","templated":true}]}}