{"id":29958,"date":"2026-04-28T09:25:03","date_gmt":"2026-04-28T09:25:03","guid":{"rendered":"https:\/\/eskigazeteci.com\/?p=29958"},"modified":"2026-04-28T09:25:03","modified_gmt":"2026-04-28T09:25:03","slug":"gorucu-usulu-mecburi-evlilik-bile-demislerdi-ask-yuvasinda-bir-yas-daha-aldi-allahim-onu-koru","status":"publish","type":"post","link":"https:\/\/eskigazeteci.com\/?p=29958","title":{"rendered":"&#8216;G\u00f6r\u00fcc\u00fc usul\u00fc, mecburi evlilik&#8217; bile demi\u015flerdi&#8230; A\u015fk yuvas\u0131nda bir ya\u015f daha ald\u0131: Allah&#8217;\u0131m onu koru!"},"content":{"rendered":"<p>Daha da \u00f6tesinde, asl\u0131nda mecburen evlendikleri, onlar\u0131 ailelerinin birbirlerine uygun g\u00f6rd\u00fc\u011f\u00fc hatta gen\u00e7 adam\u0131n ger\u00e7ek sevgilisinden ayr\u0131lmak zorunda b\u0131rak\u0131ld\u0131\u011f\u0131 bile ileri s\u00fcr\u00fcld\u00fc.<\/p>\n<p>Ger\u00e7i kendisi sonra i\u015fin asl\u0131n\u0131 a\u00e7\u0131klad\u0131 ve nas\u0131l tan\u0131\u015ft\u0131klar\u0131 konusundaki merak da giderilmi\u015f oldu.<\/p>\n<p>\u00d6yle ya da b\u00f6yle evlendiler, bir \u00e7ocuklar\u0131 bile oldu&#8230; Hatta gen\u00e7 kad\u0131n, \u00fc\u00e7 y\u0131l \u00f6nce kurdu\u011fu yuvas\u0131nda bir ya\u015f\u0131na daha girdi.<\/p>\n<p>MUTLU YUVASINDA B\u0130R YA\u015e DAHA ALDI Bu anlatt\u0131\u011f\u0131m\u0131z hikayenin kahramanlar\u0131 \u00dcrd\u00fcn&#x27;\u00fcn gelecekteki kral\u0131 Prens H\u00fcseyin ile kar\u0131s\u0131 Prenses Rajwa.<\/p>\n<p>Suudi Arabistan do\u011fumlu Rajwa Al Saif ya da evlilik sonras\u0131 unvan\u0131yla Prenses Rajwa , bug\u00fcn yani 28 Nisan&#x27;da yeni ya\u015f\u0131na girdi.<\/p>\n<p>Kocas\u0131 H\u00fcseyin, tahta \u00e7\u0131kt\u0131\u011f\u0131nda \u00dcrd\u00fcn Krali\u00e7esi olmaya haz\u0131rlanan Rajwa&#x27;n\u0131n 32 ya\u015f\u0131na giri\u015fini Prens H\u00fcseyin bir sosyal medya payla\u015f\u0131m\u0131yla kutlad\u0131.<\/p>\n<p>2024 y\u0131l\u0131nda d\u00fcnyaya gelen k\u0131zlar\u0131 Prenses \u0130man ile \u00e7ekilen bu aile pozuna H\u00fcseyin&#x27;in mesaj\u0131 e\u015flik etti.<\/p>\n<p>&#x27;SEN\u0130NLE GE\u00c7EN HER G\u00dcN B\u0130R N\u0130MET&#x27; H\u00fcseyin kar\u0131s\u0131na hitaben yazd\u0131\u011f\u0131 mesaj\u0131n Arap\u00e7a b\u00f6l\u00fcm\u00fcnde &quot;Allah&#x27;\u0131m yeni ya\u015f\u0131nda onu koru, bizim ba\u015f\u0131m\u0131zdan eksik etme. Mutlu y\u0131llar hayat arkada\u015f\u0131m&quot; diye yazd\u0131.<\/p>\n<p>\u0130ngilizce b\u00f6l\u00fcm\u00fcnde ise &quot;Seninle ge\u00e7en her g\u00fcn bir nimet&#8230;.<\/p>\n","protected":false},"excerpt":{"rendered":"<p>Ni\u015fanland\u0131klar\u0131 a\u00e7\u0131kland\u0131\u011f\u0131nda b\u00fct\u00fcn d\u00fcnyan\u0131n ilgisi onlara y\u00f6nelmi\u015fti&#8230; Sonras\u0131nda da bu t\u00fcr durumlarda s\u0131k s\u0131k g\u00f6r\u00fcld\u00fc\u011f\u00fc gibi nas\u0131l tan\u0131\u015ft\u0131klar\u0131 merak&#8230;<\/p>\n","protected":false},"author":2,"featured_media":29957,"comment_status":"open","ping_status":"open","sticky":false,"template":"","format":"standard","meta":{"footnotes":""},"categories":[8,6,5],"tags":[],"class_list":["post-29958","post","type-post","status-publish","format-standard","has-post-thumbnail","hentry","category-arsiv","category-gundem","category-son-dakika"],"_links":{"self":[{"href":"https:\/\/eskigazeteci.com\/index.php?rest_route=\/wp\/v2\/posts\/29958","targetHints":{"allow":["GET"]}}],"collection":[{"href":"https:\/\/eskigazeteci.com\/index.php?rest_route=\/wp\/v2\/posts"}],"about":[{"href":"https:\/\/eskigazeteci.com\/index.php?rest_route=\/wp\/v2\/types\/post"}],"author":[{"embeddable":true,"href":"https:\/\/eskigazeteci.com\/index.php?rest_route=\/wp\/v2\/users\/2"}],"replies":[{"embeddable":true,"href":"https:\/\/eskigazeteci.com\/index.php?rest_route=%2Fwp%2Fv2%2Fcomments&post=29958"}],"version-history":[{"count":0,"href":"https:\/\/eskigazeteci.com\/index.php?rest_route=\/wp\/v2\/posts\/29958\/revisions"}],"wp:featuredmedia":[{"embeddable":true,"href":"https:\/\/eskigazeteci.com\/index.php?rest_route=\/wp\/v2\/media\/29957"}],"wp:attachment":[{"href":"https:\/\/eskigazeteci.com\/index.php?rest_route=%2Fwp%2Fv2%2Fmedia&parent=29958"}],"wp:term":[{"taxonomy":"category","embeddable":true,"href":"https:\/\/eskigazeteci.com\/index.php?rest_route=%2Fwp%2Fv2%2Fcategories&post=29958"},{"taxonomy":"post_tag","embeddable":true,"href":"https:\/\/eskigazeteci.com\/index.php?rest_route=%2Fwp%2Fv2%2Ftags&post=29958"}],"curies":[{"name":"wp","href":"https:\/\/api.w.org\/{rel}","templated":true}]}}