{"id":29954,"date":"2026-04-28T09:08:07","date_gmt":"2026-04-28T09:08:07","guid":{"rendered":"https:\/\/eskigazeteci.com\/?p=29954"},"modified":"2026-04-28T09:08:07","modified_gmt":"2026-04-28T09:08:07","slug":"kasapoglu-kutlu-bayragi-izmirin-en-yuksek-noktasina-tasiyacagiz","status":"publish","type":"post","link":"https:\/\/eskigazeteci.com\/?p=29954","title":{"rendered":"Kasapo\u011flu: Kutlu bayra\u011f\u0131 \u0130zmir\u2019in en y\u00fcksek noktas\u0131na ta\u015f\u0131yaca\u011f\u0131z"},"content":{"rendered":"<p>AK Parti \u0130zmir Milletvekili ve \u00f6nceki d\u00f6nem Gen\u00e7lik ve Spor Bakan\u0131 Mehmet Muharrem Kasapo\u011flu , partisinin \u0130zmir \u0130l Ba\u015fkanl\u0131\u011f\u0131 taraf\u0131ndan d\u00fczenlenen ve \u0130l Ba\u015fkan\u0131 Bilal Sayg\u0131l\u0131&#x27;n\u0131n da kat\u0131ld\u0131\u011f\u0131 &#x27;\u0130l\u00e7e Y\u00f6netim Kurulu \u00fcyeleri ve Mahalle Ba\u015fkanlar\u0131 Toplant\u0131s\u0131&#x27;nda konu\u015ftu. Alia\u011fa, Bergama, \u00c7i\u011fli, Dikili, Fo\u00e7a, K\u0131n\u0131k ve Menemen il\u00e7elerinden yo\u011fun bir kat\u0131l\u0131mla ge\u00e7en toplant\u0131da Milletvekili Kasapo\u011flu te\u015fkilat ve \u00f6n\u00fcm\u00fczdeki d\u00f6neme dair a\u00e7\u0131klamalarda bulundu. Kasapo\u011flu, AK Parti\u2019nin Cumhurba\u015fkan\u0131 Recep Tayyip Erdo\u011fan\u2019\u0131n g\u00fc\u00e7l\u00fc liderli\u011fi ve engin vizyonu ile ortak akl\u0131n, isti\u015farenin, birlikte \u00e7al\u0131\u015fman\u0131n ve zaferin partisi oldu\u011fu s\u00f6yledi.<\/p>\n<p>AK Parti&#x27;nin yakla\u015f\u0131k \u00e7eyrek as\u0131rd\u0131r d\u00fcnya siyasi literat\u00fcr\u00fcnde bir ilk olarak, bir demokrasi \u00f6rne\u011fi olarak her defas\u0131nda milletin tevecc\u00fch\u00fcne mazhar olmu\u015f bir hareket oldu\u011funu vurgulayan Kasapo\u011flu, &quot;\u0130\u015fte bu hareketin bel kemi\u011fi, omurgas\u0131, olmazsa olmaz\u0131; te\u015fkilat\u0131d\u0131r. \u0130\u015fte o te\u015fkilatlar, il te\u015fkilat\u0131yla, il\u00e7eleriyle, kad\u0131n kollar\u0131yla, gen\u00e7lik kollar\u0131yla ve \u00fclkemizin her bir noktas\u0131na uzanan mahalleleriyle, mahalle ba\u015fkanlar\u0131yla bir \u00f6rnektir, \u00c7eyrek as\u0131r, dile kolay. 25 y\u0131la yak\u0131n bir m\u00fccadele ve kuruldu\u011fu andan itibaren iktidarda bulunmu\u015f, halk\u0131m\u0131z\u0131n&#8230;<\/p>\n","protected":false},"excerpt":{"rendered":"<p>AK Parti \u0130zmir Milletvekili ve \u00f6nceki d\u00f6nem Gen\u00e7lik ve Spor Bakan\u0131 Mehmet Muharrem Kasapo\u011flu, demokrasilerin namusunun sand\u0131k oldu\u011funu belirtip, Sand\u0131kta AK&#8230;<\/p>\n","protected":false},"author":2,"featured_media":29953,"comment_status":"open","ping_status":"open","sticky":false,"template":"","format":"standard","meta":{"footnotes":""},"categories":[8,6,5],"tags":[],"class_list":["post-29954","post","type-post","status-publish","format-standard","has-post-thumbnail","hentry","category-arsiv","category-gundem","category-son-dakika"],"_links":{"self":[{"href":"https:\/\/eskigazeteci.com\/index.php?rest_route=\/wp\/v2\/posts\/29954","targetHints":{"allow":["GET"]}}],"collection":[{"href":"https:\/\/eskigazeteci.com\/index.php?rest_route=\/wp\/v2\/posts"}],"about":[{"href":"https:\/\/eskigazeteci.com\/index.php?rest_route=\/wp\/v2\/types\/post"}],"author":[{"embeddable":true,"href":"https:\/\/eskigazeteci.com\/index.php?rest_route=\/wp\/v2\/users\/2"}],"replies":[{"embeddable":true,"href":"https:\/\/eskigazeteci.com\/index.php?rest_route=%2Fwp%2Fv2%2Fcomments&post=29954"}],"version-history":[{"count":0,"href":"https:\/\/eskigazeteci.com\/index.php?rest_route=\/wp\/v2\/posts\/29954\/revisions"}],"wp:featuredmedia":[{"embeddable":true,"href":"https:\/\/eskigazeteci.com\/index.php?rest_route=\/wp\/v2\/media\/29953"}],"wp:attachment":[{"href":"https:\/\/eskigazeteci.com\/index.php?rest_route=%2Fwp%2Fv2%2Fmedia&parent=29954"}],"wp:term":[{"taxonomy":"category","embeddable":true,"href":"https:\/\/eskigazeteci.com\/index.php?rest_route=%2Fwp%2Fv2%2Fcategories&post=29954"},{"taxonomy":"post_tag","embeddable":true,"href":"https:\/\/eskigazeteci.com\/index.php?rest_route=%2Fwp%2Fv2%2Ftags&post=29954"}],"curies":[{"name":"wp","href":"https:\/\/api.w.org\/{rel}","templated":true}]}}