{"id":29944,"date":"2026-04-28T08:55:06","date_gmt":"2026-04-28T08:55:06","guid":{"rendered":"https:\/\/eskigazeteci.com\/?p=29944"},"modified":"2026-04-28T08:55:06","modified_gmt":"2026-04-28T08:55:06","slug":"1-mayis-kargolar-acik-mi-kapali-mi-dagitim-yapacak-mi-1-mayis-cuma-gunu-ptt-aras-yurtici-dhl-surat-kargo-calisiyor-mu","status":"publish","type":"post","link":"https:\/\/eskigazeteci.com\/?p=29944","title":{"rendered":"1 May\u0131s kargolar a\u00e7\u0131k m\u0131, kapal\u0131 m\u0131, da\u011f\u0131t\u0131m yapacak m\u0131? 1 May\u0131s Cuma g\u00fcn\u00fc PTT, Aras, Yurti\u00e7i, DHL, S\u00fcrat kargo \u00e7al\u0131\u015f\u0131yor mu?"},"content":{"rendered":"<p>Kargolar bug\u00fcn 1 May\u0131s&#x27;ta a\u00e7\u0131k m\u0131, \u00e7al\u0131\u015f\u0131yor mu sorusu merak konusu oldu. May\u0131s&#x27;ta kargolar \u00e7al\u0131\u015f\u0131yor mu sorusu, paket g\u00f6nderecek ya da teslim alacak olan bir\u00e7ok vatanda\u015f\u0131n g\u00fcndeminde yer al\u0131yor. Peki, 1 May\u0131s Cuma g\u00fcn\u00fc DHL, Yurti\u00e7i, Aras, PTT, S\u00fcrat Kargo a\u00e7\u0131k m\u0131 olacak? \u0130\u015fte, vatanda\u015flar\u0131n ara\u015ft\u0131rd\u0131\u011f\u0131 o konu hakk\u0131nda kargolardan ald\u0131\u011f\u0131m\u0131z bilgiler<\/p>\n<p>Kargo \u015firketlerinin \u00e7al\u0131\u015fma saatleri, di\u011fer kurumlara g\u00f6re farkl\u0131l\u0131k g\u00f6stermektedir. Dolay\u0131s\u0131yla, her kargo firmas\u0131n\u0131n kendi i\u015fletme durumuna g\u00f6re \u00e7al\u0131\u015fma g\u00fcn ve saatleri de\u011fi\u015fiklik g\u00f6sterebilir. Kargolar bu y\u0131l hen\u00fcz g\u00fcncel duyurularda bulunmad\u0131 ancak kargolardan ge\u00e7ti\u011fimiz y\u0131l 1 May\u0131s&#x27;ta al\u0131nan bilgiler \u015fu \u015fekildeydi; Yurti\u00e7i Kargo : 1 May\u0131s Cuma g\u00fcn\u00fc birimler kapal\u0131 olacakt\u0131r. Aras Kargo: 1 May\u0131s Cuma g\u00fcn\u00fc resmi tatil olmas\u0131 dolay\u0131s\u0131yla hizmet verilmemektedir. T\u00fcm \u015fubeler kapal\u0131 olacakt\u0131r. DHL Kargo: 1 May\u0131s Cuma g\u00fcn\u00fc DHL kargo da resmi tatil nedeniyle kapal\u0131 olacak. S\u00fcrat Kargo: Resmi tatil olmas\u0131 dolay\u0131s\u0131yla 1 May\u0131s Cuma g\u00fcn\u00fc \u015fubeler hizmet vermeyecek.<\/p>\n<p>Kargo \u015firketlerinin \u00e7al\u0131\u015fma saatleri, di\u011fer kurumlara g\u00f6re farkl\u0131l\u0131k g\u00f6stermektedir. Dolay\u0131s\u0131yla, her kargo firmas\u0131n\u0131n kendi i\u015fletme durumuna g\u00f6re \u00e7al\u0131\u015fma g\u00fcn ve saatleri&#8230;<\/p>\n","protected":false},"excerpt":{"rendered":"<p>Kargolar 1 May\u0131s&#8217;ta a\u00e7\u0131k m\u0131, kapal\u0131 m\u0131, \u00e7al\u0131\u015f\u0131yor mu gibi sorular, g\u00f6nderi bekleyen ya da paket g\u00f6ndermek isteyen pek \u00e7ok ki\u015finin ara\u015ft\u0131rd\u0131\u011f\u0131 husus oldu&#8230;.<\/p>\n","protected":false},"author":2,"featured_media":29943,"comment_status":"open","ping_status":"open","sticky":false,"template":"","format":"standard","meta":{"footnotes":""},"categories":[8,6,5],"tags":[],"class_list":["post-29944","post","type-post","status-publish","format-standard","has-post-thumbnail","hentry","category-arsiv","category-gundem","category-son-dakika"],"_links":{"self":[{"href":"https:\/\/eskigazeteci.com\/index.php?rest_route=\/wp\/v2\/posts\/29944","targetHints":{"allow":["GET"]}}],"collection":[{"href":"https:\/\/eskigazeteci.com\/index.php?rest_route=\/wp\/v2\/posts"}],"about":[{"href":"https:\/\/eskigazeteci.com\/index.php?rest_route=\/wp\/v2\/types\/post"}],"author":[{"embeddable":true,"href":"https:\/\/eskigazeteci.com\/index.php?rest_route=\/wp\/v2\/users\/2"}],"replies":[{"embeddable":true,"href":"https:\/\/eskigazeteci.com\/index.php?rest_route=%2Fwp%2Fv2%2Fcomments&post=29944"}],"version-history":[{"count":0,"href":"https:\/\/eskigazeteci.com\/index.php?rest_route=\/wp\/v2\/posts\/29944\/revisions"}],"wp:featuredmedia":[{"embeddable":true,"href":"https:\/\/eskigazeteci.com\/index.php?rest_route=\/wp\/v2\/media\/29943"}],"wp:attachment":[{"href":"https:\/\/eskigazeteci.com\/index.php?rest_route=%2Fwp%2Fv2%2Fmedia&parent=29944"}],"wp:term":[{"taxonomy":"category","embeddable":true,"href":"https:\/\/eskigazeteci.com\/index.php?rest_route=%2Fwp%2Fv2%2Fcategories&post=29944"},{"taxonomy":"post_tag","embeddable":true,"href":"https:\/\/eskigazeteci.com\/index.php?rest_route=%2Fwp%2Fv2%2Ftags&post=29944"}],"curies":[{"name":"wp","href":"https:\/\/api.w.org\/{rel}","templated":true}]}}