{"id":29942,"date":"2026-04-28T08:53:07","date_gmt":"2026-04-28T08:53:07","guid":{"rendered":"https:\/\/eskigazeteci.com\/?p=29942"},"modified":"2026-04-28T08:53:07","modified_gmt":"2026-04-28T08:53:07","slug":"gulistan-doku-sorusturmasinda-yeni-gelisme-firari-umut-altasin-babasiyla-olan-konusmasi-ortaya-cikti-otecegim-her-seyi-goreceksiniz-dunya-kac-bucak","status":"publish","type":"post","link":"https:\/\/eskigazeteci.com\/?p=29942","title":{"rendered":"G\u00fclistan Doku soru\u015fturmas\u0131nda yeni geli\u015fme! Firari Umut Alta\u015f&#8217;\u0131n babas\u0131yla olan konu\u015fmas\u0131 ortaya \u00e7\u0131kt\u0131: &#8216;\u00d6tece\u011fim her \u015feyi, g\u00f6receksiniz d\u00fcnya ka\u00e7 bucak&#8217;"},"content":{"rendered":"<p>Tunceli&#x27;de 5 Ocak 2020&#x27;den itibaren kendisinden haber al\u0131namayan \u00fcniversite \u00f6\u011frencisi G\u00fclistan Doku ile ilgili y\u00fcr\u00fct\u00fclen soru\u015fturmada, 5 Ocak 2020 gecesi G\u00fclistan&#x27;\u0131n telefonunun son sinyal verdi\u011fi yerde Mustafa T\u00fcrkay Sonel ile ayn\u0131 ara\u00e7ta oldu\u011fu kesinle\u015fen kilit isim Umut Alta\u015f&#x27;\u0131n babas\u0131 Celal Alta\u015f&#x27;la olan olan yaz\u0131\u015fmalar\u0131 ortaya \u00e7\u0131kt\u0131. Firari Umut Alta\u015f&#x27;\u0131n babas\u0131na, &quot;\u00d6tece\u011fim her \u015feyi, g\u00f6receksiniz d\u00fcnya ka\u00e7 bucak.&quot; demesi dikkat \u00e7ekti.<\/p>\n<p>&quot;\u00d6TECE\u011e\u0130M HER \u015eEY\u0130, G\u00d6RECEKS\u0130N\u0130Z D\u00dcNYA KA\u00c7 BUCAK&quot;<\/p>\n<p>K\u0131rm\u0131z\u0131 b\u00fcltenle aranan Umut Alta\u015f&#x27;\u0131n tutuklu babas\u0131 Celal Alta\u015f ile 9 Ocak 2026 tarihinde WhatsApp konu\u015fmalar\u0131 ortaya \u00e7\u0131kt\u0131. Konu\u015fmalarda Umut Alta\u015f&#x27;\u0131n &quot;Sen \u00f6yle kolay san\u0131yorsun demi. Yapt\u0131klar\u0131n\u0131z\u0131n bir bedeli olmayacak. Bug\u00fcn hesab\u0131ma 9 bin dolar bekliyorum&quot; dedi\u011fi babas\u0131 Celal Alta\u015f&#x27;\u0131n da, &quot;Oldu, dedim ya ne halin varsa g\u00f6r. Size daha \u00f6nce g\u00f6nderdi\u011fim 15 bin dolar\u0131 geri g\u00f6nderin&#x27; dedi\u011fi g\u00f6r\u00fcld\u00fc. Umut&#x27;un ise ard\u0131ndan &#x27;Bug\u00fcn hesab\u0131ma 9 bin dolar gelmezse savc\u0131 han\u0131m\u0131 arar anlat\u0131r\u0131m her \u015feyi&#x27; ifadeleri yer ald\u0131.<\/p>\n<p>Yine mesajla\u015fmalarda Umut Alta\u015f&#x27;\u0131n, &quot;Ah Celal&#x27;im ah bir de ma\u011fdur \u00fczg\u00fcn baba rol\u00fcne giriyor. Ulan kendi o\u011flunu satm\u0131\u015fs\u0131n, ba\u015fkas\u0131n\u0131n \u00e7ocu\u011funa \u00fcz\u00fclecek y\u00fcrek mi var sende? B\u0131rak rol&#8230;<\/p>\n","protected":false},"excerpt":{"rendered":"<p>G\u00fclistan Doku soru\u015fturmas\u0131na ili\u015fkin y\u00fcr\u00fct\u00fclen soru\u015fturmada kilit isimlerden olan firari Umut Alta\u015f&#8217;\u0131n babas\u0131 Celal Alta\u015f ile olan yaz\u0131\u015fmalar\u0131 ortaya \u00e7\u0131kt\u0131&#8230;.<\/p>\n","protected":false},"author":2,"featured_media":29941,"comment_status":"open","ping_status":"open","sticky":false,"template":"","format":"standard","meta":{"footnotes":""},"categories":[8,6,5],"tags":[],"class_list":["post-29942","post","type-post","status-publish","format-standard","has-post-thumbnail","hentry","category-arsiv","category-gundem","category-son-dakika"],"_links":{"self":[{"href":"https:\/\/eskigazeteci.com\/index.php?rest_route=\/wp\/v2\/posts\/29942","targetHints":{"allow":["GET"]}}],"collection":[{"href":"https:\/\/eskigazeteci.com\/index.php?rest_route=\/wp\/v2\/posts"}],"about":[{"href":"https:\/\/eskigazeteci.com\/index.php?rest_route=\/wp\/v2\/types\/post"}],"author":[{"embeddable":true,"href":"https:\/\/eskigazeteci.com\/index.php?rest_route=\/wp\/v2\/users\/2"}],"replies":[{"embeddable":true,"href":"https:\/\/eskigazeteci.com\/index.php?rest_route=%2Fwp%2Fv2%2Fcomments&post=29942"}],"version-history":[{"count":0,"href":"https:\/\/eskigazeteci.com\/index.php?rest_route=\/wp\/v2\/posts\/29942\/revisions"}],"wp:featuredmedia":[{"embeddable":true,"href":"https:\/\/eskigazeteci.com\/index.php?rest_route=\/wp\/v2\/media\/29941"}],"wp:attachment":[{"href":"https:\/\/eskigazeteci.com\/index.php?rest_route=%2Fwp%2Fv2%2Fmedia&parent=29942"}],"wp:term":[{"taxonomy":"category","embeddable":true,"href":"https:\/\/eskigazeteci.com\/index.php?rest_route=%2Fwp%2Fv2%2Fcategories&post=29942"},{"taxonomy":"post_tag","embeddable":true,"href":"https:\/\/eskigazeteci.com\/index.php?rest_route=%2Fwp%2Fv2%2Ftags&post=29942"}],"curies":[{"name":"wp","href":"https:\/\/api.w.org\/{rel}","templated":true}]}}