{"id":29940,"date":"2026-04-28T08:51:32","date_gmt":"2026-04-28T08:51:32","guid":{"rendered":"https:\/\/eskigazeteci.com\/?p=29940"},"modified":"2026-04-28T08:51:32","modified_gmt":"2026-04-28T08:51:32","slug":"16-yasindaki-cocuga-kabusu-yasatti-camiden-evine-kadar-doverek-goturdu","status":"publish","type":"post","link":"https:\/\/eskigazeteci.com\/?p=29940","title":{"rendered":"16 ya\u015f\u0131ndaki \u00e7ocu\u011fa kabusu ya\u015fatt\u0131: Camiden evine kadar d\u00f6verek g\u00f6t\u00fcrd\u00fc"},"content":{"rendered":"<p>Ailecek psikolojilerinin bozuldu\u011funu belirten dede Ya\u015far \u00c7\u0131nar, &quot;Ben onu 15 g\u00fcnl\u00fckken yan\u0131ma ald\u0131m ve b\u00fcy\u00fctt\u00fcm. 16 ya\u015f\u0131ndaki \u00f6ks\u00fcz ve yetim bir \u00e7ocuk bu \u015fekilde d\u00f6v\u00fclmez. Mahkeme de takipsizlik karar\u0131 vermi\u015f. Mahkemenin lehimize karar vermesi i\u00e7in bu \u00e7ocu\u011fun illa \u00f6lmesi mi gerekiyordu?&quot; s\u00f6zleriyle sitem ederken, darp edilen Osman \u0130nan, &quot;Okula ve camiye giderken art\u0131k \u00e7ok korkuyorum. Psikolojik ila\u00e7lar kullanmaya ba\u015flad\u0131m. Bu \u015fah\u0131s s\u00fcrekli evimizin etraf\u0131nda dola\u015f\u0131yor. Adaletin yerini bulmas\u0131n\u0131 istiyorum&quot; dedi.<\/p>\n<p>Olay, 18 \u015eubat&#x27;ta Isparta &#x27;n\u0131n Fatih Mahallesi&#x27;nde meydana geldi. Edinilen bilgiye g\u00f6re, 16 ya\u015f\u0131ndaki Osman \u0130nan ile arkada\u015f\u0131 aras\u0131nda s\u00f6zl\u00fc tart\u0131\u015fma ya\u015fand\u0131. \u0130nan, arkada\u015f\u0131 \u00d6mer Faruk M.&#x27;nin kendisine k\u00fcf\u00fcr etti\u011fini, bunun \u00fczerine arkada\u015f\u0131n\u0131 bir s\u00fcre kovalad\u0131\u011f\u0131n\u0131, daha sonra ise olay\u0131n sona erdi\u011fini \u00f6ne s\u00fcrd\u00fc. Olay\u0131n ard\u0131ndan Osman \u0130nan, ak\u015fam saatlerinde camiye namaz k\u0131lmak i\u00e7in gitti\u011fi s\u0131rada cami giri\u015finde arkada\u015f\u0131 \u00d6mer Faruk M.&#x27;nin babas\u0131 \u015eahan M. ile kar\u015f\u0131la\u015ft\u0131. Burada \u00e7\u0131kan olayda \u0130nan&#x27;\u0131n defalarca yumrukland\u0131\u011f\u0131 anlar caminin g\u00fcvenlik kameralar\u0131na yans\u0131d\u0131. \u015e\u00fcpheli \u015fahs\u0131n, \u00e7ocu\u011fu darp ettikten sonra ikametinin \u00f6n\u00fcne kadar g\u00f6t\u00fcrerek kap\u0131ya b\u0131rakt\u0131\u011f\u0131, hakaret ve&#8230;<\/p>\n","protected":false},"excerpt":{"rendered":"<p>Isparta&#8217;da 16 ya\u015f\u0131ndaki \u00e7ocuk, arkada\u015f\u0131yla ya\u015fad\u0131\u011f\u0131 tart\u0131\u015fman\u0131n ard\u0131ndan cami kap\u0131s\u0131nda arkada\u015f\u0131n\u0131n 45 ya\u015f\u0131ndaki babas\u0131 taraf\u0131ndan defalarca darp edildi&#8230;.<\/p>\n","protected":false},"author":2,"featured_media":29939,"comment_status":"open","ping_status":"open","sticky":false,"template":"","format":"standard","meta":{"footnotes":""},"categories":[8,6,5],"tags":[],"class_list":["post-29940","post","type-post","status-publish","format-standard","has-post-thumbnail","hentry","category-arsiv","category-gundem","category-son-dakika"],"_links":{"self":[{"href":"https:\/\/eskigazeteci.com\/index.php?rest_route=\/wp\/v2\/posts\/29940","targetHints":{"allow":["GET"]}}],"collection":[{"href":"https:\/\/eskigazeteci.com\/index.php?rest_route=\/wp\/v2\/posts"}],"about":[{"href":"https:\/\/eskigazeteci.com\/index.php?rest_route=\/wp\/v2\/types\/post"}],"author":[{"embeddable":true,"href":"https:\/\/eskigazeteci.com\/index.php?rest_route=\/wp\/v2\/users\/2"}],"replies":[{"embeddable":true,"href":"https:\/\/eskigazeteci.com\/index.php?rest_route=%2Fwp%2Fv2%2Fcomments&post=29940"}],"version-history":[{"count":0,"href":"https:\/\/eskigazeteci.com\/index.php?rest_route=\/wp\/v2\/posts\/29940\/revisions"}],"wp:featuredmedia":[{"embeddable":true,"href":"https:\/\/eskigazeteci.com\/index.php?rest_route=\/wp\/v2\/media\/29939"}],"wp:attachment":[{"href":"https:\/\/eskigazeteci.com\/index.php?rest_route=%2Fwp%2Fv2%2Fmedia&parent=29940"}],"wp:term":[{"taxonomy":"category","embeddable":true,"href":"https:\/\/eskigazeteci.com\/index.php?rest_route=%2Fwp%2Fv2%2Fcategories&post=29940"},{"taxonomy":"post_tag","embeddable":true,"href":"https:\/\/eskigazeteci.com\/index.php?rest_route=%2Fwp%2Fv2%2Ftags&post=29940"}],"curies":[{"name":"wp","href":"https:\/\/api.w.org\/{rel}","templated":true}]}}