{"id":29938,"date":"2026-04-28T08:49:58","date_gmt":"2026-04-28T08:49:58","guid":{"rendered":"https:\/\/eskigazeteci.com\/?p=29938"},"modified":"2026-04-28T08:49:58","modified_gmt":"2026-04-28T08:49:58","slug":"beyaz-sarayda-kraliyet-krizi-o-anlar-gundem-oldu-bunu-sonra-konusacagiz","status":"publish","type":"post","link":"https:\/\/eskigazeteci.com\/?p=29938","title":{"rendered":"Beyaz Saray&#8217;da Kraliyet krizi! O anlar g\u00fcndem oldu&#8230; &#8216;Bunu sonra konu\u015faca\u011f\u0131z&#8217;"},"content":{"rendered":"<p>ABD Ba\u015fkan\u0131 Donald Trump ile \u0130ngiltere Kral\u0131 III. Charles\u2019\u0131n Beyaz Saray\u2019daki bulu\u015fmas\u0131, yaln\u0131zca diplomatik temaslarla de\u011fil, protokol tart\u0131\u015fmalar\u0131 ve dikkat \u00e7eken kulis iddialar\u0131yla da g\u00fcndem oldu. Daily Mail\u2019e g\u00f6re Trump\u2019\u0131n Kral Charles\u2019a yapt\u0131\u011f\u0131 fiziksel temas ve kar\u015f\u0131lama s\u0131ras\u0131nda ge\u00e7en \u00f6zel diyaloglar geni\u015f yank\u0131 uyand\u0131rd\u0131.<\/p>\n<p>BEYAZ SARAY\u2019DA KRAL\u0130YET Z\u0130RVES\u0130<\/p>\n<p>Donald Trump ve e\u015fi Melania Trump, Pazartesi g\u00fcn\u00fc Beyaz Saray\u2019da Kral III. Charles ile Krali\u00e7e Camilla\u2019y\u0131 a\u011f\u0131rlad\u0131. G\u00fcney \u00c7imlik\u2019te d\u00fczenlenen kar\u015f\u0131lama t\u00f6reninde taraflar samimi g\u00f6r\u00fcnt\u00fcler verdi.<\/p>\n<p>Trump ile Kral Charles tokala\u015f\u0131rken, Melania Trump\u2019\u0131n Krali\u00e7e Camilla\u2019y\u0131 iki yana\u011f\u0131ndan \u00f6pmesi dikkat \u00e7ekti. Ard\u0131ndan liderler bas\u0131n mensuplar\u0131na birlikte poz verdi.<\/p>\n<p>TRUMP\u2019TAN PROTOKOL TARTI\u015eMASI YARATAN HAREKET<\/p>\n<p>Foto\u011fraf \u00e7ekiminin ard\u0131ndan heyet, \u00e7ay program\u0131 i\u00e7in Beyaz Saray\u2019\u0131n ana konutuna ge\u00e7ti. Bu s\u0131rada Trump\u2019\u0131n Kral Charles\u2019\u0131n omzuna ve koluna hafif\u00e7e dokunmas\u0131, \u0130ngiliz kraliyet protokol\u00fc a\u00e7\u0131s\u0131ndan tart\u0131\u015fma yaratt\u0131.<\/p>\n<p>Kraliyet geleneklerine g\u00f6re bir kraliyet \u00fcyesiyle fiziksel temas\u0131 ilk ba\u015flatan taraf olunmamas\u0131 gerekti\u011fi biliniyor.<\/p>\n<p>UZMANDAN D\u0130KKAT \u00c7EKEN YORUM<\/p>\n<p>V\u00fccut dili uzman\u0131 Judi James, Trump\u2019\u0131n hareketiyle ilgili&#8230;<\/p>\n","protected":false},"excerpt":{"rendered":"<p>Trump ile Kral Charles\u2019\u0131n Beyaz Saray bulu\u015fmas\u0131, protokol tart\u0131\u015fmalar\u0131 ve dikkat \u00e7eken kulis iddialar\u0131yla d\u00fcnya g\u00fcndemine oturdu. Trump\u2019\u0131n Charles\u2019a temas\u0131&#8230;<\/p>\n","protected":false},"author":2,"featured_media":29937,"comment_status":"open","ping_status":"open","sticky":false,"template":"","format":"standard","meta":{"footnotes":""},"categories":[8,6,5],"tags":[],"class_list":["post-29938","post","type-post","status-publish","format-standard","has-post-thumbnail","hentry","category-arsiv","category-gundem","category-son-dakika"],"_links":{"self":[{"href":"https:\/\/eskigazeteci.com\/index.php?rest_route=\/wp\/v2\/posts\/29938","targetHints":{"allow":["GET"]}}],"collection":[{"href":"https:\/\/eskigazeteci.com\/index.php?rest_route=\/wp\/v2\/posts"}],"about":[{"href":"https:\/\/eskigazeteci.com\/index.php?rest_route=\/wp\/v2\/types\/post"}],"author":[{"embeddable":true,"href":"https:\/\/eskigazeteci.com\/index.php?rest_route=\/wp\/v2\/users\/2"}],"replies":[{"embeddable":true,"href":"https:\/\/eskigazeteci.com\/index.php?rest_route=%2Fwp%2Fv2%2Fcomments&post=29938"}],"version-history":[{"count":0,"href":"https:\/\/eskigazeteci.com\/index.php?rest_route=\/wp\/v2\/posts\/29938\/revisions"}],"wp:featuredmedia":[{"embeddable":true,"href":"https:\/\/eskigazeteci.com\/index.php?rest_route=\/wp\/v2\/media\/29937"}],"wp:attachment":[{"href":"https:\/\/eskigazeteci.com\/index.php?rest_route=%2Fwp%2Fv2%2Fmedia&parent=29938"}],"wp:term":[{"taxonomy":"category","embeddable":true,"href":"https:\/\/eskigazeteci.com\/index.php?rest_route=%2Fwp%2Fv2%2Fcategories&post=29938"},{"taxonomy":"post_tag","embeddable":true,"href":"https:\/\/eskigazeteci.com\/index.php?rest_route=%2Fwp%2Fv2%2Ftags&post=29938"}],"curies":[{"name":"wp","href":"https:\/\/api.w.org\/{rel}","templated":true}]}}