{"id":29936,"date":"2026-04-28T08:48:25","date_gmt":"2026-04-28T08:48:25","guid":{"rendered":"https:\/\/eskigazeteci.com\/?p=29936"},"modified":"2026-04-28T08:48:25","modified_gmt":"2026-04-28T08:48:25","slug":"kilit-aktor-turkiye-abnin-balkanlarda-ankaraya-neden-ihtiyaci-var","status":"publish","type":"post","link":"https:\/\/eskigazeteci.com\/?p=29936","title":{"rendered":"&#8216;Kilit akt\u00f6r T\u00fcrkiye!&#8217; AB&#8217;nin Balkanlar&#8217;da Ankara&#8217;ya neden ihtiyac\u0131 var?"},"content":{"rendered":"<p>AB Komisyonu S\u00f6zc\u00fcs\u00fc Paula Pinho, von der Leyen&#x27;in tart\u0131\u015fma yaratan ifadelerinde Bat\u0131 Balkanlar&#x27;\u0131 kastetti\u011fini vurgulam\u0131\u015ft\u0131. T\u00fcrkiye&#x27;nin AB \u00fcyeli\u011fine aday bir \u00fclke olarak kom\u015fu \u00fclkelere kar\u015f\u0131 ek bir sorumlulu\u011fu oldu\u011funu savunan Pinho, Ankara&#x27;n\u0131n etki alan\u0131ndan rahats\u0131zl\u0131k duymad\u0131klar\u0131n\u0131 kaydetmi\u015fti.<\/p>\n<p>The Caspian Post\u2019ta yay\u0131mlanan bir analizde, Avrupa Birli\u011fi\u2019nin Bat\u0131 Balkanlar\u2019da T\u00fcrkiye\u2019nin etkisine neden ihtiya\u00e7 duydu\u011fu ele al\u0131nd\u0131. Analizde, T\u00fcrkiye\u2019nin b\u00f6lgede bir tehdit de\u011fil, istikrar\u0131 peki\u015ftiren do\u011fal bir akt\u00f6r oldu\u011fu ifade edildi. T\u00fcrkiye&#x27;nin b\u00f6lgedeki etkisi olmadan ortaya \u00e7\u0131kacak g\u00fc\u00e7 bo\u015flu\u011funu Avrupa&#x27;n\u0131n dolduramayaca\u011f\u0131n\u0131 kaydedilirken, Ankara, b\u00f6lgedeki bar\u0131\u015f ortam\u0131n\u0131n korunmas\u0131nda kilit akt\u00f6r olarak g\u00f6sterildi.<\/p>\n<p>Avrupa Komisyonu Ba\u015fkan\u0131 Ursula von der Leyen<\/p>\n<p>&quot;T\u00dcRK\u0130YE BALKANLAR\u2019DA DO\u011eAL B\u0130R AKT\u00d6R&quot;<\/p>\n<p>Analizde, T\u00fcrkiye\u2019nin 14. y\u00fczy\u0131ldan bu yana Balkanlar\u2019da varl\u0131\u011f\u0131n\u0131 kesintisiz \u015fekilde s\u00fcrd\u00fcrd\u00fc\u011f\u00fc hat\u0131rlat\u0131ld\u0131. T\u00fcrkiye&#x27;nin b\u00f6lgedeki M\u00fcsl\u00fcman n\u00fcfusla ortak bir k\u00fclt\u00fcrel miras\u0131 payla\u015ft\u0131\u011f\u0131na dikkat \u00e7eken Caspian Post, Ankara&#x27;n\u0131n b\u00f6lge \u00fclkeleriyle ileri d\u00fczeyde diplomatik ili\u015fkilere sahip oldu\u011funun alt\u0131n\u0131 \u00e7izdi.<\/p>\n<p>T\u00fcrkiye ayn\u0131 zamanda Balkanlar\u2019\u0131n en b\u00fcy\u00fck ekonomisi konumunda&#8230;.<\/p>\n","protected":false},"excerpt":{"rendered":"<p>Avrupa Komisyonu Ba\u015fkan\u0131 Ursula von der Leyen\u2019in \u201cAvrupa k\u0131tas\u0131n\u0131 Rus, T\u00fcrk veya \u00c7in etkisine d\u00fc\u015fmeyecek \u015fekilde tamamlamal\u0131y\u0131z\u201d s\u00f6zleri, T\u00fcrkiye ile Avrupa&#8230;<\/p>\n","protected":false},"author":2,"featured_media":29935,"comment_status":"open","ping_status":"open","sticky":false,"template":"","format":"standard","meta":{"footnotes":""},"categories":[8,6,5],"tags":[],"class_list":["post-29936","post","type-post","status-publish","format-standard","has-post-thumbnail","hentry","category-arsiv","category-gundem","category-son-dakika"],"_links":{"self":[{"href":"https:\/\/eskigazeteci.com\/index.php?rest_route=\/wp\/v2\/posts\/29936","targetHints":{"allow":["GET"]}}],"collection":[{"href":"https:\/\/eskigazeteci.com\/index.php?rest_route=\/wp\/v2\/posts"}],"about":[{"href":"https:\/\/eskigazeteci.com\/index.php?rest_route=\/wp\/v2\/types\/post"}],"author":[{"embeddable":true,"href":"https:\/\/eskigazeteci.com\/index.php?rest_route=\/wp\/v2\/users\/2"}],"replies":[{"embeddable":true,"href":"https:\/\/eskigazeteci.com\/index.php?rest_route=%2Fwp%2Fv2%2Fcomments&post=29936"}],"version-history":[{"count":0,"href":"https:\/\/eskigazeteci.com\/index.php?rest_route=\/wp\/v2\/posts\/29936\/revisions"}],"wp:featuredmedia":[{"embeddable":true,"href":"https:\/\/eskigazeteci.com\/index.php?rest_route=\/wp\/v2\/media\/29935"}],"wp:attachment":[{"href":"https:\/\/eskigazeteci.com\/index.php?rest_route=%2Fwp%2Fv2%2Fmedia&parent=29936"}],"wp:term":[{"taxonomy":"category","embeddable":true,"href":"https:\/\/eskigazeteci.com\/index.php?rest_route=%2Fwp%2Fv2%2Fcategories&post=29936"},{"taxonomy":"post_tag","embeddable":true,"href":"https:\/\/eskigazeteci.com\/index.php?rest_route=%2Fwp%2Fv2%2Ftags&post=29936"}],"curies":[{"name":"wp","href":"https:\/\/api.w.org\/{rel}","templated":true}]}}