{"id":29934,"date":"2026-04-28T08:46:54","date_gmt":"2026-04-28T08:46:54","guid":{"rendered":"https:\/\/eskigazeteci.com\/?p=29934"},"modified":"2026-04-28T08:46:54","modified_gmt":"2026-04-28T08:46:54","slug":"nicolo-melliden-fenerbahce-taraftarina-ovgu-nasil-bir-atmosfer-yaratacaklarini-biliyorum","status":"publish","type":"post","link":"https:\/\/eskigazeteci.com\/?p=29934","title":{"rendered":"Nicolo Melli&#8217;den Fenerbah\u00e7e taraftar\u0131na \u00f6vg\u00fc! &#8216;Nas\u0131l bir atmosfer yaratacaklar\u0131n\u0131 biliyorum&#8217;"},"content":{"rendered":"<p>Fenerbah\u00e7e Beko, EuroLeague Play-off serisi ilk ma\u00e7\u0131nda Zalgiris Kaunas \u2019\u0131 konuk ediyor. 28 Nisan Sal\u0131 g\u00fcn\u00fc (bug\u00fcn), \u00dclker Spor ve Etkinlik Salonu\u2019nda oynanacak m\u00fccadele 20.45\u2019te ba\u015flayacak.<\/p>\n<p>M\u00fccadeleyi Carlos Peruga (\u0130spanya), Borys Ryzhyk (Ukrayna) ve Thomas Bissuel (Fransa) hakem \u00fc\u00e7l\u00fcs\u00fc y\u00f6netecek.<\/p>\n<p>Fenerbah\u00e7e Beko&#x27;da kar\u015f\u0131la\u015fma \u00f6ncesi ba\u015fantren\u00f6r Sarunas Jasikevicius ve oyunculardan Nicolo Melli&#x27;nin ma\u00e7 \u00f6n\u00fc g\u00f6r\u00fc\u015fleri \u015fu \u015fekilde oldu:<\/p>\n<p>Sarunas Jasikevicius: &quot;Play-offlar i\u00e7in heyecanl\u0131y\u0131z. Durumun zorluklar\u0131n\u0131n fark\u0131nday\u0131z. Rakibin ne kadar g\u00fc\u00e7l\u00fc oldu\u011funu da biliyoruz. Zalgiris harika bir sezon ge\u00e7irdi. T\u00fcm detaylara odaklanmak \u00e7ok \u00f6nemli olacak. Play-offlarda savunma a\u00e7\u0131s\u0131ndan en iyi iki tak\u0131m kar\u015f\u0131la\u015ft\u0131\u011f\u0131nda, her detay son derece \u00f6nemli hale gelir ve bizim de m\u00fccadeleye haz\u0131r olup sahada her \u015feyimizi ortaya koymam\u0131z gerekiyor.&quot;<\/p>\n<p>Nicolo Melli : &quot;\u00c7ok zorlu bir m\u00fccadele olacak. Ev sahibi avantaj\u0131m\u0131z var, bu y\u00fczden saham\u0131zda ne pahas\u0131na olursa olsun bunu korumam\u0131z gerekiyor. Bu bir EuroLeague Play-off serisi bu da ma\u00e7lar\u0131n \u00e7ok fiziksel ve \u00e7ok sert ge\u00e7ece\u011fini g\u00f6steriyor. Ma\u00e7 ma\u00e7 d\u00fc\u015f\u00fcnmeliyiz.<\/p>\n<p>Tabii ki ilk ma\u00e7, iyi bir ba\u015flang\u0131\u00e7 yapmak i\u00e7in \u00e7ok \u00f6nemli ve umar\u0131m bunu ba\u015far\u0131r\u0131z. Daha&#8230;<\/p>\n","protected":false},"excerpt":{"rendered":"<p>Fenerbah\u00e7e Beko, EuroLeague Play-off serisi ilk ma\u00e7\u0131nda Zalgiris Kaunas\u2019\u0131 konuk ediyor. Sar\u0131-lacivertlilerde ba\u015fantren\u00f6r Sarunas Jasikevicius ve&#8230;<\/p>\n","protected":false},"author":2,"featured_media":29933,"comment_status":"open","ping_status":"open","sticky":false,"template":"","format":"standard","meta":{"footnotes":""},"categories":[8,5,7],"tags":[],"class_list":["post-29934","post","type-post","status-publish","format-standard","has-post-thumbnail","hentry","category-arsiv","category-son-dakika","category-spor"],"_links":{"self":[{"href":"https:\/\/eskigazeteci.com\/index.php?rest_route=\/wp\/v2\/posts\/29934","targetHints":{"allow":["GET"]}}],"collection":[{"href":"https:\/\/eskigazeteci.com\/index.php?rest_route=\/wp\/v2\/posts"}],"about":[{"href":"https:\/\/eskigazeteci.com\/index.php?rest_route=\/wp\/v2\/types\/post"}],"author":[{"embeddable":true,"href":"https:\/\/eskigazeteci.com\/index.php?rest_route=\/wp\/v2\/users\/2"}],"replies":[{"embeddable":true,"href":"https:\/\/eskigazeteci.com\/index.php?rest_route=%2Fwp%2Fv2%2Fcomments&post=29934"}],"version-history":[{"count":0,"href":"https:\/\/eskigazeteci.com\/index.php?rest_route=\/wp\/v2\/posts\/29934\/revisions"}],"wp:featuredmedia":[{"embeddable":true,"href":"https:\/\/eskigazeteci.com\/index.php?rest_route=\/wp\/v2\/media\/29933"}],"wp:attachment":[{"href":"https:\/\/eskigazeteci.com\/index.php?rest_route=%2Fwp%2Fv2%2Fmedia&parent=29934"}],"wp:term":[{"taxonomy":"category","embeddable":true,"href":"https:\/\/eskigazeteci.com\/index.php?rest_route=%2Fwp%2Fv2%2Fcategories&post=29934"},{"taxonomy":"post_tag","embeddable":true,"href":"https:\/\/eskigazeteci.com\/index.php?rest_route=%2Fwp%2Fv2%2Ftags&post=29934"}],"curies":[{"name":"wp","href":"https:\/\/api.w.org\/{rel}","templated":true}]}}