{"id":29932,"date":"2026-04-28T08:45:22","date_gmt":"2026-04-28T08:45:22","guid":{"rendered":"https:\/\/eskigazeteci.com\/?p=29932"},"modified":"2026-04-28T08:45:22","modified_gmt":"2026-04-28T08:45:22","slug":"12-yillik-evlilik-bitti-pelin-karahan-ile-bedri-guntay-bosandi","status":"publish","type":"post","link":"https:\/\/eskigazeteci.com\/?p=29932","title":{"rendered":"12 y\u0131ll\u0131k evlilik bitti&#8230; Pelin Karahan ile Bedri G\u00fcntay bo\u015fand\u0131!"},"content":{"rendered":"<p>Anla\u015fmal\u0131 olarak tek celsede bo\u015fanan \u00e7ift, ayr\u0131l\u0131k sonras\u0131 ortak a\u00e7\u0131klama yapt\u0131.<\/p>\n<p>&quot;Kamuoyuna sayg\u0131yla duyurulur, Bug\u00fcn itibar\u0131yla evlili\u011fimizi, kar\u015f\u0131l\u0131kl\u0131 sevgi ve sayg\u0131 \u00e7er\u00e7evesinde, anla\u015fmal\u0131 olarak sonland\u0131rm\u0131\u015f bulunmaktay\u0131z.<\/p>\n<p>Bundan sonraki s\u00fcre\u00e7te de. iki \u00e7ocu\u011fumuzun ebeveynleri olarak ortak sorumlulu\u011fumuz ve birbirimize duydu\u011fumuz sayg\u0131 devam edecektir. \u00c7ocuklar\u0131m\u0131z\u0131n \u00fcst\u00fcn yarar\u0131n\u0131n korunmas\u0131 ve geli\u015fim s\u00fcre\u00e7lerinin olumsuz etkilenmemesi ad\u0131na, bas\u0131n mensuplar\u0131n\u0131n ve kamuoyunun, aile hayat\u0131m\u0131z\u0131n gizlili\u011fine gerekli hassasiyeti g\u00f6stermesini \u00f6nemle rica ederiz.<\/p>\n<p>Bu konuya ili\u015fkin yapaca\u011f\u0131m\u0131z tek ve nihai a\u00e7\u0131klama i\u015fbu metindir.<\/p>\n<p>Sayg\u0131lar\u0131m\u0131zla\u2026<\/p>\n<p>Bedri G\u00fcntay &#8211; Pelin Karahan&quot;<\/p>\n<p>Pelin Karahan ile Bedri G\u00fcntay &#x27;\u0131n Ali Demir ve Can Ey\u00fcp ad\u0131nda iki o\u011fullar\u0131 var&#8230;<\/p>\n<p>T\u00fcrkiye&#x27;den ve D\u00fcnya\u2019dan son dakika haberleri, k\u00f6\u015fe yaz\u0131lar\u0131, magazinden siyasete, spordan seyahate b\u00fct\u00fcn konular\u0131n tek adresi Hurriyet.com.tr haber i\u00e7erikleri izin al\u0131nmadan, kaynak g\u00f6sterilerek dahi iktibas edilemez. Kanuna ayk\u0131r\u0131 ve izinsiz olarak kopyalanamaz, ba\u015fka yerde yay\u0131nlanamaz.<\/p>\n","protected":false},"excerpt":{"rendered":"<p>Bir s\u00fcredir ayr\u0131l\u0131k haberleriyle g\u00fcndemde olan Pelin Karahan ve Bedri G\u00fcntay 12 y\u0131ll\u0131k evliliklerini bitirdi.<\/p>\n","protected":false},"author":2,"featured_media":29931,"comment_status":"open","ping_status":"open","sticky":false,"template":"","format":"standard","meta":{"footnotes":""},"categories":[8,6,5],"tags":[],"class_list":["post-29932","post","type-post","status-publish","format-standard","has-post-thumbnail","hentry","category-arsiv","category-gundem","category-son-dakika"],"_links":{"self":[{"href":"https:\/\/eskigazeteci.com\/index.php?rest_route=\/wp\/v2\/posts\/29932","targetHints":{"allow":["GET"]}}],"collection":[{"href":"https:\/\/eskigazeteci.com\/index.php?rest_route=\/wp\/v2\/posts"}],"about":[{"href":"https:\/\/eskigazeteci.com\/index.php?rest_route=\/wp\/v2\/types\/post"}],"author":[{"embeddable":true,"href":"https:\/\/eskigazeteci.com\/index.php?rest_route=\/wp\/v2\/users\/2"}],"replies":[{"embeddable":true,"href":"https:\/\/eskigazeteci.com\/index.php?rest_route=%2Fwp%2Fv2%2Fcomments&post=29932"}],"version-history":[{"count":0,"href":"https:\/\/eskigazeteci.com\/index.php?rest_route=\/wp\/v2\/posts\/29932\/revisions"}],"wp:featuredmedia":[{"embeddable":true,"href":"https:\/\/eskigazeteci.com\/index.php?rest_route=\/wp\/v2\/media\/29931"}],"wp:attachment":[{"href":"https:\/\/eskigazeteci.com\/index.php?rest_route=%2Fwp%2Fv2%2Fmedia&parent=29932"}],"wp:term":[{"taxonomy":"category","embeddable":true,"href":"https:\/\/eskigazeteci.com\/index.php?rest_route=%2Fwp%2Fv2%2Fcategories&post=29932"},{"taxonomy":"post_tag","embeddable":true,"href":"https:\/\/eskigazeteci.com\/index.php?rest_route=%2Fwp%2Fv2%2Ftags&post=29932"}],"curies":[{"name":"wp","href":"https:\/\/api.w.org\/{rel}","templated":true}]}}