{"id":29930,"date":"2026-04-28T08:43:50","date_gmt":"2026-04-28T08:43:50","guid":{"rendered":"https:\/\/eskigazeteci.com\/?p=29930"},"modified":"2026-04-28T08:43:50","modified_gmt":"2026-04-28T08:43:50","slug":"mhp-lideri-bahceli-mesele-brukselin-iki-yuzlu-siyasetidir-avrupa-turkiyesiz-asla-yapamaz","status":"publish","type":"post","link":"https:\/\/eskigazeteci.com\/?p=29930","title":{"rendered":"MHP lideri Bah\u00e7eli: Mesele Br\u00fcksel&#8217;in iki y\u00fczl\u00fc siyasetidir! Avrupa T\u00fcrkiye&#8217;siz asla yapamaz"},"content":{"rendered":"<p>MHP Genel Ba\u015fkan\u0131 Devlet Bah\u00e7eli partisinin haftal\u0131k grup toplant\u0131s\u0131nda \u00fclke ve d\u00fcnya g\u00fcndemine ili\u015fkin de\u011ferlendirmelerde bulundu. Avrupa Komisyonu Ba\u015fkan\u0131 Ursula von der Layen&#x27;in &quot;Avrupa k\u0131tas\u0131n\u0131n Rus, T\u00fcrk veya \u00c7in etkisine b\u0131rak\u0131lmamas\u0131 gerek&quot; \u015feklindeki s\u00f6zlerine de konu\u015fmas\u0131nda yer veren MHP lideri, yap\u0131lan a\u00e7\u0131klaman\u0131n s\u0131radan bir c\u00fcmle gibi ge\u00e7i\u015ftirilemeyece\u011fini belirtti.<\/p>\n<p>Bah\u00e7eli, &quot;Burada da kar\u015f\u0131m\u0131za duran \u015fey Avrupa&#x27;n\u0131n T\u00fcrkiye&#x27;yi anlamakta ya\u015fad\u0131\u011f\u0131 derin zihni ar\u0131zad\u0131r. Avrupa Birli\u011fi T\u00fcrkiye&#x27;yi y\u0131llard\u0131r \u00fcyelik bahsinde d\u0131\u015far\u0131da, g\u00fcvenlikte i\u00e7eride, de\u011ferler s\u00f6yleminde \u00f6tede, y\u00fck payla\u015f\u0131m\u0131nda beride tutmaya \u00e7al\u0131\u015fm\u0131\u015ft\u0131r. dedi.<\/p>\n<p>\u0130\u015fte Bah\u00e7eli&#x27;nin konu\u015fmas\u0131ndan sat\u0131rba\u015flar\u0131:<\/p>\n<p>Bu m\u00fcbarek topraklarda hayat daima m\u00fc\u015fterek kader i\u00e7inde yo\u011frulmu\u015ftur. Bu vatanda sevin\u00e7 tek ba\u015f\u0131na ya\u015fanmam\u0131\u015f, keder m\u00fcferrit bir duygunun i\u00e7ine hapsedilmemi\u015ftir. T\u00fcrk\u00fcler birlikte s\u00f6ylenmi\u015f, a\u011f\u0131tlar birlikte yak\u0131lm\u0131\u015f, zaferler birlikte kutlanm\u0131\u015f, yenilgiler birlikte g\u00f6\u011f\u00fcslenmi\u015ftir. Bu bak\u0131mdan millet dedi\u011fimiz hakikat, bazen bir mar\u015fla, bazen bir mezar ta\u015f\u0131nda, bazen de sofradaki a\u015fta g\u00f6stermi\u015ftir derinli\u011fini. \u00c7\u00fcnk\u00fc T\u00fcrk milleti, mazisini gelece\u011fe y\u00f6n veren bir kudret kayna\u011f\u0131na d\u00f6n\u00fc\u015ft\u00fcren b\u00fcy\u00fck bir&#8230;<\/p>\n","protected":false},"excerpt":{"rendered":"<p>Avrupa Komisyonu Ba\u015fkan\u0131 Ursula von der Layen&#8217;in s\u00f6zlerine sert tepki g\u00f6steren MHP Genel Ba\u015fkan\u0131 Devlet Ba\u015fkan\u0131 Devlet Bah\u00e7eli, Mesele Ankara&#8217;n\u0131n istikameti&#8230;<\/p>\n","protected":false},"author":2,"featured_media":29929,"comment_status":"open","ping_status":"open","sticky":false,"template":"","format":"standard","meta":{"footnotes":""},"categories":[8,6,5],"tags":[],"class_list":["post-29930","post","type-post","status-publish","format-standard","has-post-thumbnail","hentry","category-arsiv","category-gundem","category-son-dakika"],"_links":{"self":[{"href":"https:\/\/eskigazeteci.com\/index.php?rest_route=\/wp\/v2\/posts\/29930","targetHints":{"allow":["GET"]}}],"collection":[{"href":"https:\/\/eskigazeteci.com\/index.php?rest_route=\/wp\/v2\/posts"}],"about":[{"href":"https:\/\/eskigazeteci.com\/index.php?rest_route=\/wp\/v2\/types\/post"}],"author":[{"embeddable":true,"href":"https:\/\/eskigazeteci.com\/index.php?rest_route=\/wp\/v2\/users\/2"}],"replies":[{"embeddable":true,"href":"https:\/\/eskigazeteci.com\/index.php?rest_route=%2Fwp%2Fv2%2Fcomments&post=29930"}],"version-history":[{"count":0,"href":"https:\/\/eskigazeteci.com\/index.php?rest_route=\/wp\/v2\/posts\/29930\/revisions"}],"wp:featuredmedia":[{"embeddable":true,"href":"https:\/\/eskigazeteci.com\/index.php?rest_route=\/wp\/v2\/media\/29929"}],"wp:attachment":[{"href":"https:\/\/eskigazeteci.com\/index.php?rest_route=%2Fwp%2Fv2%2Fmedia&parent=29930"}],"wp:term":[{"taxonomy":"category","embeddable":true,"href":"https:\/\/eskigazeteci.com\/index.php?rest_route=%2Fwp%2Fv2%2Fcategories&post=29930"},{"taxonomy":"post_tag","embeddable":true,"href":"https:\/\/eskigazeteci.com\/index.php?rest_route=%2Fwp%2Fv2%2Ftags&post=29930"}],"curies":[{"name":"wp","href":"https:\/\/api.w.org\/{rel}","templated":true}]}}