{"id":29928,"date":"2026-04-28T08:36:55","date_gmt":"2026-04-28T08:36:55","guid":{"rendered":"https:\/\/eskigazeteci.com\/?p=29928"},"modified":"2026-04-28T08:36:55","modified_gmt":"2026-04-28T08:36:55","slug":"anayasa-mahkemesi-heyetinden-anitkabire-ziyaret","status":"publish","type":"post","link":"https:\/\/eskigazeteci.com\/?p=29928","title":{"rendered":"Anayasa Mahkemesi heyetinden An\u0131tkabir&#8217;e ziyaret"},"content":{"rendered":"<p>AYM Ba\u015fkan\u0131 Kadir \u00d6zkaya, beraberindeki ba\u015fkan vekilleri, \u00fcyeler ve raport\u00f6rlerle birlikte Aslanl\u0131 Yol\u2019dan y\u00fcr\u00fcyerek Gazi Mustafa Kemal Atat\u00fcrk \u2019\u00fcn mozolesine geldi. Ba\u015fkan \u00d6zkaya\u2019n\u0131n Atat\u00fcrk\u2019\u00fcn mozolesine \u00e7elenk b\u0131rakmas\u0131n\u0131n ard\u0131ndan sayg\u0131 duru\u015funda bulunuldu. T\u00f6renin ard\u0131ndan heyet, An\u0131tkabir \u00f6n\u00fcnde hat\u0131ra foto\u011fraf\u0131 \u00e7ektirdi.<\/p>\n<p>Daha sonra beraberindeki heyetle Misak-\u0131 Milli Kulesi\u2019ne ge\u00e7en Ba\u015fkan \u00d6zkaya, An\u0131tkabir \u00d6zel Defteri\u2019ne \u015funlar\u0131 yazd\u0131:<\/p>\n<p>&quot;Aziz Atat\u00fcrk, Anayasa Mahkememizin 64&#x27;\u00fcnc\u00fc kurulu\u015f y\u0131l d\u00f6n\u00fcm\u00fcn\u00fcn derin anlam ve sorumlulu\u011funun idrakiyle huzurunuzda bulunuyoruz. Milletimizin ortak iradesiyle kurulan ve sizin de &#x27;en b\u00fcy\u00fck eserim&#x27; diyerek bizlere emanet etti\u011finiz T\u00fcrkiye Cumhuriyeti, hukukun \u00fcst\u00fcnl\u00fc\u011f\u00fc ve demokratik hukuk devleti ilkeleri do\u011frultusunda kararl\u0131l\u0131kla yoluna devam etmektedir. Bu k\u00f6kl\u00fc miras, bizlere yaln\u0131zca ge\u00e7mi\u015fe de\u011fil gelece\u011fe kar\u015f\u0131 da b\u00fcy\u00fck bir sorumlulu\u011fumuzun bulundu\u011funu hat\u0131rlatmaktad\u0131r. Anayasal bir organ olarak, demokratik hukuk devleti ilkeleri \u00fczerinde geli\u015fen, ge\u00e7mi\u015fimizden ald\u0131\u011f\u0131m\u0131z g\u00fc\u00e7le temel hak ve \u00f6zg\u00fcrl\u00fcklerin korunmas\u0131, anayasal d\u00fczenin g\u00fcvence alt\u0131na al\u0131nmas\u0131 ve adaletin tesisine katk\u0131 sa\u011flama g\u00f6revimizi sars\u0131lmaz bir inan\u00e7la&#8230;<\/p>\n","protected":false},"excerpt":{"rendered":"<p>Anayasa Mahkemesi (AYM) Ba\u015fkan\u0131 Kadir \u00d6zkaya ve beraberindeki heyet, AYM&#8217;nin 64&#8217;\u00fcnc\u00fc kurulu\u015f y\u0131l d\u00f6n\u00fcm\u00fc nedeniyle An\u0131tkabir\u2019i ziyaret etti.<\/p>\n","protected":false},"author":2,"featured_media":29927,"comment_status":"open","ping_status":"open","sticky":false,"template":"","format":"standard","meta":{"footnotes":""},"categories":[8,6,5],"tags":[],"class_list":["post-29928","post","type-post","status-publish","format-standard","has-post-thumbnail","hentry","category-arsiv","category-gundem","category-son-dakika"],"_links":{"self":[{"href":"https:\/\/eskigazeteci.com\/index.php?rest_route=\/wp\/v2\/posts\/29928","targetHints":{"allow":["GET"]}}],"collection":[{"href":"https:\/\/eskigazeteci.com\/index.php?rest_route=\/wp\/v2\/posts"}],"about":[{"href":"https:\/\/eskigazeteci.com\/index.php?rest_route=\/wp\/v2\/types\/post"}],"author":[{"embeddable":true,"href":"https:\/\/eskigazeteci.com\/index.php?rest_route=\/wp\/v2\/users\/2"}],"replies":[{"embeddable":true,"href":"https:\/\/eskigazeteci.com\/index.php?rest_route=%2Fwp%2Fv2%2Fcomments&post=29928"}],"version-history":[{"count":0,"href":"https:\/\/eskigazeteci.com\/index.php?rest_route=\/wp\/v2\/posts\/29928\/revisions"}],"wp:featuredmedia":[{"embeddable":true,"href":"https:\/\/eskigazeteci.com\/index.php?rest_route=\/wp\/v2\/media\/29927"}],"wp:attachment":[{"href":"https:\/\/eskigazeteci.com\/index.php?rest_route=%2Fwp%2Fv2%2Fmedia&parent=29928"}],"wp:term":[{"taxonomy":"category","embeddable":true,"href":"https:\/\/eskigazeteci.com\/index.php?rest_route=%2Fwp%2Fv2%2Fcategories&post=29928"},{"taxonomy":"post_tag","embeddable":true,"href":"https:\/\/eskigazeteci.com\/index.php?rest_route=%2Fwp%2Fv2%2Ftags&post=29928"}],"curies":[{"name":"wp","href":"https:\/\/api.w.org\/{rel}","templated":true}]}}