{"id":29926,"date":"2026-04-28T08:35:22","date_gmt":"2026-04-28T08:35:22","guid":{"rendered":"https:\/\/eskigazeteci.com\/?p=29926"},"modified":"2026-04-28T08:35:22","modified_gmt":"2026-04-28T08:35:22","slug":"anneler-gunu-ne-zaman-2026-anneler-gunu-hangi-gun-ayin-kacinda-iste-merak-edilen-tarih","status":"publish","type":"post","link":"https:\/\/eskigazeteci.com\/?p=29926","title":{"rendered":"Anneler G\u00fcn\u00fc Ne Zaman 2026? Anneler G\u00fcn\u00fc Hangi G\u00fcn, Ay\u0131n Ka\u00e7\u0131nda? \u0130\u015fte Merak Edilen Tarih!"},"content":{"rendered":"<p>May\u0131s ay\u0131n\u0131n gelmesiyle birlikte milyonlarca ki\u015fi &quot;Anneler G\u00fcn\u00fc hangi g\u00fcn?&quot; sorusuna yan\u0131t aramaya ba\u015flad\u0131. Bu \u00f6zel g\u00fcn, T\u00fcrkiye\u2019de ve d\u00fcnyan\u0131n bir\u00e7ok yerinde her y\u0131l oldu\u011fu gibi May\u0131s ay\u0131n\u0131n ikinci pazar g\u00fcn\u00fc kutlanacak. Hediye haz\u0131rl\u0131klar\u0131na ba\u015flayanlar ve plan yapanlar i\u00e7in 2026 y\u0131l\u0131 tarih detaylar\u0131n\u0131 derledik.<\/p>\n<p>May\u0131s ay\u0131n\u0131n gelmesiyle birlikte milyonlarca ki\u015fi &quot;Anneler G\u00fcn\u00fc hangi g\u00fcn?&quot; sorusuna yan\u0131t aramaya ba\u015flad\u0131. Bu \u00f6zel g\u00fcn, T\u00fcrkiye\u2019de ve d\u00fcnyan\u0131n bir\u00e7ok yerinde her y\u0131l oldu\u011fu gibi May\u0131s ay\u0131n\u0131n ikinci pazar g\u00fcn\u00fc kutlanacak. Hediye haz\u0131rl\u0131klar\u0131na ba\u015flayanlar ve plan yapanlar i\u00e7in 2026 y\u0131l\u0131 tarih detaylar\u0131n\u0131 derledik.<\/p>\n<p>2026 y\u0131l\u0131nda Anneler G\u00fcn\u00fc, 10 May\u0131s Pazar g\u00fcn\u00fcne denk gelmektedir. D\u00fcnya genelinde farkl\u0131 tarihlerde kutlansa da \u00fclkemizde May\u0131s ay\u0131n\u0131n ikinci pazar\u0131 gelenekselle\u015fmi\u015f durumdad\u0131r. Bu y\u0131lki takvime g\u00f6re May\u0131s ay\u0131n\u0131n ilk pazar g\u00fcn\u00fc 3 May\u0131s&#x27;a denk gelirken, kutlamalar\u0131n yap\u0131laca\u011f\u0131 ikinci pazar g\u00fcn\u00fc ise 10 May\u0131s olarak belirlenmi\u015ftir.<\/p>\n<p>2026 y\u0131l\u0131nda Anneler G\u00fcn\u00fc, 10 May\u0131s Pazar g\u00fcn\u00fcne denk gelmektedir.<\/p>\n<p>D\u00fcnya genelinde farkl\u0131 tarihlerde kutlansa da \u00fclkemizde May\u0131s ay\u0131n\u0131n ikinci pazar\u0131 gelenekselle\u015fmi\u015f durumdad\u0131r. Bu y\u0131lki takvime g\u00f6re May\u0131s ay\u0131n\u0131n ilk pazar g\u00fcn\u00fc 3&#8230;<\/p>\n","protected":false},"excerpt":{"rendered":"<p>Her y\u0131l b\u00fcy\u00fck bir heyecanla beklenen ve en de\u011ferli varl\u0131klar\u0131m\u0131za olan sevgimizi g\u00f6stermek i\u00e7in bir f\u0131rsat sunan Anneler G\u00fcn\u00fc i\u00e7in geri say\u0131m ba\u015flad\u0131. Peki,&#8230;<\/p>\n","protected":false},"author":2,"featured_media":29925,"comment_status":"open","ping_status":"open","sticky":false,"template":"","format":"standard","meta":{"footnotes":""},"categories":[8,6,5],"tags":[],"class_list":["post-29926","post","type-post","status-publish","format-standard","has-post-thumbnail","hentry","category-arsiv","category-gundem","category-son-dakika"],"_links":{"self":[{"href":"https:\/\/eskigazeteci.com\/index.php?rest_route=\/wp\/v2\/posts\/29926","targetHints":{"allow":["GET"]}}],"collection":[{"href":"https:\/\/eskigazeteci.com\/index.php?rest_route=\/wp\/v2\/posts"}],"about":[{"href":"https:\/\/eskigazeteci.com\/index.php?rest_route=\/wp\/v2\/types\/post"}],"author":[{"embeddable":true,"href":"https:\/\/eskigazeteci.com\/index.php?rest_route=\/wp\/v2\/users\/2"}],"replies":[{"embeddable":true,"href":"https:\/\/eskigazeteci.com\/index.php?rest_route=%2Fwp%2Fv2%2Fcomments&post=29926"}],"version-history":[{"count":0,"href":"https:\/\/eskigazeteci.com\/index.php?rest_route=\/wp\/v2\/posts\/29926\/revisions"}],"wp:featuredmedia":[{"embeddable":true,"href":"https:\/\/eskigazeteci.com\/index.php?rest_route=\/wp\/v2\/media\/29925"}],"wp:attachment":[{"href":"https:\/\/eskigazeteci.com\/index.php?rest_route=%2Fwp%2Fv2%2Fmedia&parent=29926"}],"wp:term":[{"taxonomy":"category","embeddable":true,"href":"https:\/\/eskigazeteci.com\/index.php?rest_route=%2Fwp%2Fv2%2Fcategories&post=29926"},{"taxonomy":"post_tag","embeddable":true,"href":"https:\/\/eskigazeteci.com\/index.php?rest_route=%2Fwp%2Fv2%2Ftags&post=29926"}],"curies":[{"name":"wp","href":"https:\/\/api.w.org\/{rel}","templated":true}]}}