{"id":29924,"date":"2026-04-28T08:33:50","date_gmt":"2026-04-28T08:33:50","guid":{"rendered":"https:\/\/eskigazeteci.com\/?p=29924"},"modified":"2026-04-28T08:33:50","modified_gmt":"2026-04-28T08:33:50","slug":"japon-sanatci-tutkusu-icin-yesilhisar-ilcesine-geldi-mahalleli-kadinlar-ile-yapti-surekli-istiyordum-nihayet-bunu-yaptim","status":"publish","type":"post","link":"https:\/\/eskigazeteci.com\/?p=29924","title":{"rendered":"Japon sanat\u00e7\u0131, tutkusu i\u00e7in Ye\u015filhisar il\u00e7esine geldi! Mahalleli kad\u0131nlar ile yapt\u0131: &#8216;S\u00fcrekli istiyordum, nihayet bunu yapt\u0131m&#8217;"},"content":{"rendered":"<p>Tokyo\u2019da ya\u015fayan sanat\u00e7\u0131 Takeshi Imamuri, 10 y\u0131l \u00f6nce geldi\u011fi T\u00fcrkiye\u2019de, T\u00fcrk m\u00fczi\u011fine ve k\u00fclt\u00fcr\u00fcne ilgi duymaya ba\u015flad\u0131. Sanal medyadan da Kayserili m\u00fczik \u00f6\u011fretmeni H\u00fclya \u015een ile tan\u0131\u015fan Japon sanat\u00e7\u0131 \u0130mamuri, \u00fclkesinden 12 bin 500 kilometre yol katedip geldi\u011fi Kayseri\u2019de Kapadokya\u2019n\u0131n do\u011fu giri\u015fi olarak bilinen Ye\u015filhisar il\u00e7esine \u00f6zg\u00fc So\u011fanl\u0131 bez bebeklerini mahalleli kad\u0131nlar ile yapt\u0131. Imamuri ard\u0131ndan da b\u00f6lgenin \u00f6nemli turizm destinasyonlar\u0131ndan Avla Kanyonu, kiliseleri ve s\u0131cak hava balonlar\u0131 ile \u00fcnl\u00fc So\u011fanl\u0131 \u00d6ren Yeri&#x27;nde m\u00fczik \u00f6\u011fretmeni \u015een ile ba\u011flama ve kopuz \u00e7ald\u0131. \u015een ve \u0130mamuri&#x27;nin \u015fimdiki hedefinde ise iki \u00fclke aras\u0131nda turizm el\u00e7ili\u011fi g\u00f6revi \u00fcstlenebilmek var.<\/p>\n<p>Tokyo\u2019da ya\u015fayan sanat\u00e7\u0131 Takeshi Imamuri, 10 y\u0131l \u00f6nce geldi\u011fi T\u00fcrkiye\u2019de, T\u00fcrk m\u00fczi\u011fine ve k\u00fclt\u00fcr\u00fcne ilgi duymaya ba\u015flad\u0131. Sanal medyadan da Kayserili m\u00fczik \u00f6\u011fretmeni H\u00fclya \u015een ile tan\u0131\u015fan Japon sanat\u00e7\u0131 \u0130mamuri, \u00fclkesinden 12 bin 500 kilometre yol katedip geldi\u011fi Kayseri\u2019de Kapadokya\u2019n\u0131n do\u011fu giri\u015fi olarak bilinen Ye\u015filhisar il\u00e7esine \u00f6zg\u00fc So\u011fanl\u0131 bez bebeklerini mahalleli kad\u0131nlar ile yapt\u0131.<\/p>\n<p>Imamuri ard\u0131ndan da b\u00f6lgenin \u00f6nemli turizm destinasyonlar\u0131ndan Avla Kanyonu, kiliseleri ve s\u0131cak hava balonlar\u0131 ile&#8230;<\/p>\n","protected":false},"excerpt":{"rendered":"<p>Japonya\u2019n\u0131n ba\u015fkenti Tokyo\u2019da ya\u015fayan sanat\u00e7\u0131 Takeshi Imamuri (65), 10 y\u0131l \u00f6nce geldi\u011fi T\u00fcrkiye\u2019de, T\u00fcrk m\u00fczi\u011fine ve k\u00fclt\u00fcr\u00fcne ilgi duymaya ba\u015flad\u0131. Sanal&#8230;<\/p>\n","protected":false},"author":2,"featured_media":29923,"comment_status":"open","ping_status":"open","sticky":false,"template":"","format":"standard","meta":{"footnotes":""},"categories":[8,6,5],"tags":[],"class_list":["post-29924","post","type-post","status-publish","format-standard","has-post-thumbnail","hentry","category-arsiv","category-gundem","category-son-dakika"],"_links":{"self":[{"href":"https:\/\/eskigazeteci.com\/index.php?rest_route=\/wp\/v2\/posts\/29924","targetHints":{"allow":["GET"]}}],"collection":[{"href":"https:\/\/eskigazeteci.com\/index.php?rest_route=\/wp\/v2\/posts"}],"about":[{"href":"https:\/\/eskigazeteci.com\/index.php?rest_route=\/wp\/v2\/types\/post"}],"author":[{"embeddable":true,"href":"https:\/\/eskigazeteci.com\/index.php?rest_route=\/wp\/v2\/users\/2"}],"replies":[{"embeddable":true,"href":"https:\/\/eskigazeteci.com\/index.php?rest_route=%2Fwp%2Fv2%2Fcomments&post=29924"}],"version-history":[{"count":0,"href":"https:\/\/eskigazeteci.com\/index.php?rest_route=\/wp\/v2\/posts\/29924\/revisions"}],"wp:featuredmedia":[{"embeddable":true,"href":"https:\/\/eskigazeteci.com\/index.php?rest_route=\/wp\/v2\/media\/29923"}],"wp:attachment":[{"href":"https:\/\/eskigazeteci.com\/index.php?rest_route=%2Fwp%2Fv2%2Fmedia&parent=29924"}],"wp:term":[{"taxonomy":"category","embeddable":true,"href":"https:\/\/eskigazeteci.com\/index.php?rest_route=%2Fwp%2Fv2%2Fcategories&post=29924"},{"taxonomy":"post_tag","embeddable":true,"href":"https:\/\/eskigazeteci.com\/index.php?rest_route=%2Fwp%2Fv2%2Ftags&post=29924"}],"curies":[{"name":"wp","href":"https:\/\/api.w.org\/{rel}","templated":true}]}}