{"id":29888,"date":"2026-04-28T07:35:19","date_gmt":"2026-04-28T07:35:19","guid":{"rendered":"https:\/\/eskigazeteci.com\/?p=29888"},"modified":"2026-04-28T07:35:19","modified_gmt":"2026-04-28T07:35:19","slug":"go-turkiyenin-yeni-mini-dizisiyle-kapadokya-dunya-sahnesinde","status":"publish","type":"post","link":"https:\/\/eskigazeteci.com\/?p=29888","title":{"rendered":"GO T\u00fcrkiye\u2019nin yeni mini dizisiyle Kapadokya d\u00fcnya sahnesinde"},"content":{"rendered":"<p>Daha \u00f6nce Go T\u00fcrkiye imzas\u0131yla yay\u0131nlanan \u201cAn Istanbul Story\u201d, k\u00fcresel \u00f6l\u00e7ekte 2,35 milyar reklam g\u00f6sterimi ve 1,44 milyar izlenme rakam\u0131na ula\u015farak uluslararas\u0131 alanda dikkat \u00e7ekici bir ba\u015far\u0131 elde etmi\u015fti. Dijital tan\u0131t\u0131m d\u00fcnyas\u0131nda ses getiren proje, T\u00fcrkiye\u2019nin hik\u00e2ye odakl\u0131 yeni nesil turizm ileti\u015fiminin en g\u00fc\u00e7l\u00fc \u00f6rneklerinden biri olarak \u00f6ne \u00e7\u0131km\u0131\u015ft\u0131. \u015eimdi ise g\u00f6zler Kapadokya\u2019ya \u00e7evrildi. UNESCO D\u00fcnya Miras\u0131 Listesi\u2019nde yer alan e\u015fsiz co\u011frafyas\u0131, peri bacalar\u0131, tarihi dokusu ve masals\u0131 manzaralar\u0131yla Kapadokya, serinin yeni b\u00f6l\u00fcm\u00fcnde T\u00fcrkiye\u2019nin tan\u0131t\u0131m y\u00fcz\u00fc oldu. \u0130stanbul\u2019da ba\u015flayan hik\u00e2yenin yeni ba\u015frol\u00fc Kapadokya olurken, \u201cCappadocia Fairytale\u201d arac\u0131l\u0131\u011f\u0131yla T\u00fcrkiye\u2019nin destinasyonlar\u0131n\u0131n g\u00fc\u00e7l\u00fc hik\u00e2yeler arac\u0131l\u0131\u011f\u0131yla d\u00fcnya izleyicisiyle bulu\u015fmas\u0131 hedefleniyor.<\/p>\n<p>GO T\u00dcRK\u0130YE\u2019N\u0130N ULUSLARARASI TANITIM V\u0130ZYONUNDA YEN\u0130 B\u0130R SAYFA A\u00c7IYOR<\/p>\n<p>Ay Yap\u0131m imzas\u0131 ta\u015f\u0131yan projede senaryo Kemal Hamamc\u0131o\u011flu taraf\u0131ndan kaleme al\u0131n\u0131rken, y\u00f6netmen koltu\u011funda Hilal Saral oturuyor. Ozan Akbaba ve Sinem \u00dcnsal\u2019\u0131n yan\u0131 s\u0131ra G\u00fcl\u00e7in K\u00fclt\u00fcr\u2019\u00fcn de rol ald\u0131\u011f\u0131 y\u00fcksek prod\u00fcksiyon kalitesi ve sinematografik anlat\u0131m\u0131yla dikkat \u00e7eken mini dizi \u201cCappadocia Fairytale\u201d, Go T\u00fcrkiye\u2019nin uluslararas\u0131 tan\u0131t\u0131m&#8230;<\/p>\n","protected":false},"excerpt":{"rendered":"<p>T\u00fcrkiye Turizm Tan\u0131t\u0131m ve Geli\u015ftirme Ajans\u0131\u2019n\u0131n (TGA) Go T\u00fcrkiye markas\u0131 alt\u0131nda hayata ge\u00e7irilen ve d\u00fcnya \u00e7ap\u0131nda b\u00fcy\u00fck ses getiren 1,44 milyar izlenmeli&#8230;<\/p>\n","protected":false},"author":2,"featured_media":29887,"comment_status":"open","ping_status":"open","sticky":false,"template":"","format":"standard","meta":{"footnotes":""},"categories":[8,6,5],"tags":[],"class_list":["post-29888","post","type-post","status-publish","format-standard","has-post-thumbnail","hentry","category-arsiv","category-gundem","category-son-dakika"],"_links":{"self":[{"href":"https:\/\/eskigazeteci.com\/index.php?rest_route=\/wp\/v2\/posts\/29888","targetHints":{"allow":["GET"]}}],"collection":[{"href":"https:\/\/eskigazeteci.com\/index.php?rest_route=\/wp\/v2\/posts"}],"about":[{"href":"https:\/\/eskigazeteci.com\/index.php?rest_route=\/wp\/v2\/types\/post"}],"author":[{"embeddable":true,"href":"https:\/\/eskigazeteci.com\/index.php?rest_route=\/wp\/v2\/users\/2"}],"replies":[{"embeddable":true,"href":"https:\/\/eskigazeteci.com\/index.php?rest_route=%2Fwp%2Fv2%2Fcomments&post=29888"}],"version-history":[{"count":0,"href":"https:\/\/eskigazeteci.com\/index.php?rest_route=\/wp\/v2\/posts\/29888\/revisions"}],"wp:featuredmedia":[{"embeddable":true,"href":"https:\/\/eskigazeteci.com\/index.php?rest_route=\/wp\/v2\/media\/29887"}],"wp:attachment":[{"href":"https:\/\/eskigazeteci.com\/index.php?rest_route=%2Fwp%2Fv2%2Fmedia&parent=29888"}],"wp:term":[{"taxonomy":"category","embeddable":true,"href":"https:\/\/eskigazeteci.com\/index.php?rest_route=%2Fwp%2Fv2%2Fcategories&post=29888"},{"taxonomy":"post_tag","embeddable":true,"href":"https:\/\/eskigazeteci.com\/index.php?rest_route=%2Fwp%2Fv2%2Ftags&post=29888"}],"curies":[{"name":"wp","href":"https:\/\/api.w.org\/{rel}","templated":true}]}}