{"id":29884,"date":"2026-04-28T07:29:57","date_gmt":"2026-04-28T07:29:57","guid":{"rendered":"https:\/\/eskigazeteci.com\/?p=29884"},"modified":"2026-04-28T07:29:57","modified_gmt":"2026-04-28T07:29:57","slug":"cep-telefonu-bayisinde-cinayet-supheliler-500-saatlik-guvenlik-kamerasi-goruntuleri-incelenerek-yakalandi","status":"publish","type":"post","link":"https:\/\/eskigazeteci.com\/?p=29884","title":{"rendered":"Cep telefonu bayisinde cinayet! \u015e\u00fcpheliler, 500 saatlik g\u00fcvenlik kameras\u0131 g\u00f6r\u00fcnt\u00fcleri incelenerek yakaland\u0131"},"content":{"rendered":"<p>Olay, 30 Mart g\u00fcn\u00fc Seyhan il\u00e7esine ba\u011fl\u0131 G\u00fclbah\u00e7esi Mahallesi&#x27;ndeki bir cep telefonu bayisinde meydana geldi. \u0130ddiaya g\u00f6re, y\u00fczlerinde kar maskesi bulunan 2 \u015f\u00fcpheli motosikletle Emrah Salt\u0131kalp&#x27;in (37) i\u015f yerine geldi. \u015e\u00fcphelilerden biri, tabanca ile Salt\u0131kalp&#x27;i ba\u015f\u0131ndan vurdu. A\u011f\u0131r yaralanan Salt\u0131kalp kanlar i\u00e7inde yere y\u0131\u011f\u0131l\u0131rken, sald\u0131rganlar geldikleri motosikletle ka\u00e7t\u0131. Salt\u0131kalp, kald\u0131r\u0131ld\u0131\u011f\u0131 hastanede hayat\u0131n\u0131 kaybederken cenazesi adli t\u0131ptaki otopsinin ard\u0131ndan topra\u011fa verildi.<\/p>\n<p>500 SAATL\u0130K G\u00dcVENL\u0130K KAMERASI G\u00d6R\u00dcNT\u00dcLER\u0130 \u0130NCELEND\u0130<\/p>\n<p>Adana Emniyet M\u00fcd\u00fcrl\u00fc\u011f\u00fc Asayi\u015f \u015eube M\u00fcd\u00fcrl\u00fc\u011f\u00fc&#x27;ne ba\u011fl\u0131 Cinayet B\u00fcro Amirli\u011fi ekipleri, \u015f\u00fcphelileri yakalamak i\u00e7in geni\u015f \u00e7apl\u0131 \u00e7al\u0131\u015fma ba\u015flatt\u0131. Yakla\u015f\u0131k 10 kilometrelik alanda 500 saatlik g\u00fcvenlik kameras\u0131 g\u00f6r\u00fcnt\u00fcs\u00fcn\u00fc inceleyen ekipler, silah\u0131 kullanan ki\u015finin E.Y. (17), motosikleti s\u00fcrenin ise L\u00fcbnan uyruklu O.A. (16) oldu\u011funu belirledi.<\/p>\n<p>Yap\u0131lan ara\u015ft\u0131rmalarda, cinayetin ard\u0131ndan E.Y. ve O.A.&#x27;n\u0131n Seyhan il\u00e7esine ba\u011fl\u0131 M\u0131d\u0131k Mahallesi&#x27;ne giderek M.M.A. (17), M.G. (18) ve H.\u00d6. (14) ile bulu\u015ftuklar\u0131 ortaya \u00e7\u0131kt\u0131. \u015e\u00fcphelilerin, olayda kulland\u0131klar\u0131 motosikleti bu ki\u015filere teslim etti\u011fi, motosikletin ise daha sonra yak\u0131ld\u0131\u011f\u0131 belirlendi.<\/p>\n<p>Cinayet&#8230;<\/p>\n","protected":false},"excerpt":{"rendered":"<p>Adana&#8217;n\u0131n Seyhan il\u00e7esinde cep telefonu bayisinde ba\u015f\u0131ndan vurularak \u00f6ld\u00fcr\u00fclen Emrah Salt\u0131kalp cinayetine ili\u015fkin y\u00fcr\u00fct\u00fclen soru\u015fturmas\u0131nda g\u00f6zalt\u0131na al\u0131nan&#8230;<\/p>\n","protected":false},"author":2,"featured_media":29883,"comment_status":"open","ping_status":"open","sticky":false,"template":"","format":"standard","meta":{"footnotes":""},"categories":[8,6,5],"tags":[],"class_list":["post-29884","post","type-post","status-publish","format-standard","has-post-thumbnail","hentry","category-arsiv","category-gundem","category-son-dakika"],"_links":{"self":[{"href":"https:\/\/eskigazeteci.com\/index.php?rest_route=\/wp\/v2\/posts\/29884","targetHints":{"allow":["GET"]}}],"collection":[{"href":"https:\/\/eskigazeteci.com\/index.php?rest_route=\/wp\/v2\/posts"}],"about":[{"href":"https:\/\/eskigazeteci.com\/index.php?rest_route=\/wp\/v2\/types\/post"}],"author":[{"embeddable":true,"href":"https:\/\/eskigazeteci.com\/index.php?rest_route=\/wp\/v2\/users\/2"}],"replies":[{"embeddable":true,"href":"https:\/\/eskigazeteci.com\/index.php?rest_route=%2Fwp%2Fv2%2Fcomments&post=29884"}],"version-history":[{"count":0,"href":"https:\/\/eskigazeteci.com\/index.php?rest_route=\/wp\/v2\/posts\/29884\/revisions"}],"wp:featuredmedia":[{"embeddable":true,"href":"https:\/\/eskigazeteci.com\/index.php?rest_route=\/wp\/v2\/media\/29883"}],"wp:attachment":[{"href":"https:\/\/eskigazeteci.com\/index.php?rest_route=%2Fwp%2Fv2%2Fmedia&parent=29884"}],"wp:term":[{"taxonomy":"category","embeddable":true,"href":"https:\/\/eskigazeteci.com\/index.php?rest_route=%2Fwp%2Fv2%2Fcategories&post=29884"},{"taxonomy":"post_tag","embeddable":true,"href":"https:\/\/eskigazeteci.com\/index.php?rest_route=%2Fwp%2Fv2%2Ftags&post=29884"}],"curies":[{"name":"wp","href":"https:\/\/api.w.org\/{rel}","templated":true}]}}