{"id":29882,"date":"2026-04-28T07:28:25","date_gmt":"2026-04-28T07:28:25","guid":{"rendered":"https:\/\/eskigazeteci.com\/?p=29882"},"modified":"2026-04-28T07:28:25","modified_gmt":"2026-04-28T07:28:25","slug":"icisleri-bakani-mustafa-ciftci-uyusturucu-ile-mucadele-istikbalimizi-koruma-mucadelesidir","status":"publish","type":"post","link":"https:\/\/eskigazeteci.com\/?p=29882","title":{"rendered":"\u0130\u00e7i\u015fleri Bakan\u0131 Mustafa \u00c7ift\u00e7i: Uyu\u015fturucu ile m\u00fccadele istikbalimizi koruma m\u00fccadelesidir"},"content":{"rendered":"<p>Bakan \u00c7ift\u00e7i&#x27;nin konu\u015fmas\u0131ndan \u00f6ne \u00e7\u0131kanlar \u015funlar oldu:<\/p>\n<p>Uyu\u015fturucu ile m\u00fccadelede medyan\u0131n rol\u00fcn\u00fc ele ald\u0131\u011f\u0131m\u0131z bu anlaml\u0131 projede sizlerle birlikte olmaktan memnuniyet duyuyorum. Bas\u0131n\u0131m\u0131z\u0131n temsilcilerine ve b\u00fct\u00fcn kat\u0131l\u0131mc\u0131lar\u0131na te\u015fekk\u00fcr ediyorum.<\/p>\n<p>T\u00dcRK\u0130YE STRATEJ\u0130K KONUMDA YER ALIYOR<\/p>\n<p>Uyu\u015fturucu \u00e7a\u011f\u0131m\u0131z\u0131n en b\u00fcy\u00fck tehdit alanlar\u0131ndan biri, sorunlar yuma\u011f\u0131. Aile yap\u0131m\u0131z\u0131, gen\u00e7li\u011fimizi, kamu d\u00fczenimizi tehdit eder, ter\u00f6r \u00f6rg\u00fctlerine kaynak olu\u015fturur. Pek \u00e7ok su\u00e7u besleyen bir ana damard\u0131r ve bunu kurutmak milletimize kar\u015f\u0131 borcumuzdur. Bu m\u00fccadele istikbalimizi koruma m\u00fccadelesidir. T\u00fcrkiye stratejik bir konumda yer almaktad\u0131r. Konumumuz s\u0131n\u0131r a\u015fan su\u00e7larda b\u00fcy\u00fck sorumluluklar y\u00fcklemektedir.<\/p>\n<p>SU\u00c7A G\u0130DEN YOLLARI DA KAPATACA\u011eIZ<\/p>\n<p>T\u00fcrkiye Y\u00fczy\u0131l\u0131 vizyonunu g\u00fcvenin huzurun vizyonu olarak in\u015fa ediyoruz. Bu vizyonun merkezinde aile ve gen\u00e7lik vard\u0131r. Art\u0131k m\u00fccadelemizi yaln\u0131zca operasyonlarla s\u0131n\u0131rl\u0131 g\u00f6rm\u00fcyoruz. Riski kayna\u011f\u0131nda tespit eden, su\u00e7a giden yollar\u0131 kapatan, gen\u00e7leri koruyan b\u00fct\u00fcnc\u00fcl anlay\u0131\u015f ile hareket ediyoruz.<\/p>\n<p>T\u00fcrkiye g\u00fcndeminden son dakika haberleri, bug\u00fcn ya\u015fanan en son geli\u015fmeler, siyaset g\u00fcndeminden g\u00fcncel haberler ve b\u00fct\u00fcn son dakika haberleri i\u00e7in H\u00fcrriyet&#x27;in&#8230;<\/p>\n","protected":false},"excerpt":{"rendered":"<p>\u0130\u00e7i\u015fleri Bakan\u0131 Mustafa \u00c7ift\u00e7i, Uyu\u015fturucu ile M\u00fccadelede Medyan\u0131n Rol\u00fc panelinde a\u00e7\u0131klamalarda bulundu. Bakan \u00c7ift\u00e7i, Uyu\u015fturucu, pek \u00e7ok su\u00e7u besleyen bir&#8230;<\/p>\n","protected":false},"author":2,"featured_media":29881,"comment_status":"open","ping_status":"open","sticky":false,"template":"","format":"standard","meta":{"footnotes":""},"categories":[8,6,5],"tags":[],"class_list":["post-29882","post","type-post","status-publish","format-standard","has-post-thumbnail","hentry","category-arsiv","category-gundem","category-son-dakika"],"_links":{"self":[{"href":"https:\/\/eskigazeteci.com\/index.php?rest_route=\/wp\/v2\/posts\/29882","targetHints":{"allow":["GET"]}}],"collection":[{"href":"https:\/\/eskigazeteci.com\/index.php?rest_route=\/wp\/v2\/posts"}],"about":[{"href":"https:\/\/eskigazeteci.com\/index.php?rest_route=\/wp\/v2\/types\/post"}],"author":[{"embeddable":true,"href":"https:\/\/eskigazeteci.com\/index.php?rest_route=\/wp\/v2\/users\/2"}],"replies":[{"embeddable":true,"href":"https:\/\/eskigazeteci.com\/index.php?rest_route=%2Fwp%2Fv2%2Fcomments&post=29882"}],"version-history":[{"count":0,"href":"https:\/\/eskigazeteci.com\/index.php?rest_route=\/wp\/v2\/posts\/29882\/revisions"}],"wp:featuredmedia":[{"embeddable":true,"href":"https:\/\/eskigazeteci.com\/index.php?rest_route=\/wp\/v2\/media\/29881"}],"wp:attachment":[{"href":"https:\/\/eskigazeteci.com\/index.php?rest_route=%2Fwp%2Fv2%2Fmedia&parent=29882"}],"wp:term":[{"taxonomy":"category","embeddable":true,"href":"https:\/\/eskigazeteci.com\/index.php?rest_route=%2Fwp%2Fv2%2Fcategories&post=29882"},{"taxonomy":"post_tag","embeddable":true,"href":"https:\/\/eskigazeteci.com\/index.php?rest_route=%2Fwp%2Fv2%2Ftags&post=29882"}],"curies":[{"name":"wp","href":"https:\/\/api.w.org\/{rel}","templated":true}]}}