{"id":29878,"date":"2026-04-28T07:25:17","date_gmt":"2026-04-28T07:25:17","guid":{"rendered":"https:\/\/eskigazeteci.com\/?p=29878"},"modified":"2026-04-28T07:25:17","modified_gmt":"2026-04-28T07:25:17","slug":"ilk-ales-ne-zaman-yapilacak-ales-1-sinav-tarihi-ve-gunu-2026","status":"publish","type":"post","link":"https:\/\/eskigazeteci.com\/?p=29878","title":{"rendered":"\u0130lk ALES ne zaman yap\u0131lacak? ALES 1 s\u0131nav tarihi ve g\u00fcn\u00fc 2026"},"content":{"rendered":"<p>Y\u00fcksek\u00f6\u011fretim kurumlar\u0131nda lisans\u00fcst\u00fc e\u011fitime ad\u0131m atmay\u0131 planlayan \u00f6\u011frenciler ile \u00f6\u011fretim g\u00f6revlisi, okutman ve ara\u015ft\u0131rma g\u00f6revlisi gibi kadrolara atanmay\u0131 hedefleyen adaylar i\u00e7in 2026-ALES\/1 oturumu, y\u0131l\u0131n en stratejik s\u0131navlar\u0131ndan biri olarak kabul ediliyor. Y\u0131l\u0131n ilk oturumu olan ALES\/1 ile yakla\u015f\u0131yor. Sabah saat 10:15\u2019te ba\u015flayacak olan s\u0131navda adaylara say\u0131sal ve s\u00f6zel testlerden olu\u015fan toplam 100 soru y\u00f6neltilecek ve bu sorular\u0131 yan\u0131tlamalar\u0131 i\u00e7in 150 dakikal\u0131k bir s\u00fcre tan\u0131nacak. Peki, ALES 1 ne zaman yap\u0131lacak?<\/p>\n<p>Y\u00fcksek\u00f6\u011fretim kurumlar\u0131nda lisans\u00fcst\u00fc e\u011fitime ad\u0131m atmay\u0131 planlayan \u00f6\u011frenciler ile \u00f6\u011fretim g\u00f6revlisi, okutman ve ara\u015ft\u0131rma g\u00f6revlisi gibi kadrolara atanmay\u0131 hedefleyen adaylar i\u00e7in 2026-ALES\/1 oturumu, y\u0131l\u0131n en stratejik s\u0131navlar\u0131ndan biri olarak kabul ediliyor. Y\u0131l\u0131n ilk oturumu olan ALES\/1 ile yakla\u015f\u0131yor. Sabah saat 10:15\u2019te ba\u015flayacak olan s\u0131navda adaylara say\u0131sal ve s\u00f6zel testlerden olu\u015fan toplam 100 soru y\u00f6neltilecek ve bu sorular\u0131 yan\u0131tlamalar\u0131 i\u00e7in 150 dakikal\u0131k bir s\u00fcre tan\u0131nacak. Peki, ALES 1 ne zaman yap\u0131lacak?<\/p>\n<p>Y\u00fcksek lisans, doktora ve akademik kadro ba\u015fvurular\u0131nda temel kriterlerden biri olan ALES i\u00e7in geri say\u0131m s\u00fcrerken, 2026-ALES\/1 oturumu 10&#8230;<\/p>\n","protected":false},"excerpt":{"rendered":"<p>Akademik kariyer basamaklar\u0131n\u0131 t\u0131rmanmak isteyen binlerce aday\u0131n b\u00fcy\u00fck bir heyecanla bekledi\u011fi 2026 y\u0131l\u0131n\u0131n ilk Akademik Personel ve Lisans\u00fcst\u00fc E\u011fitimi Giri\u015f&#8230;<\/p>\n","protected":false},"author":2,"featured_media":29877,"comment_status":"open","ping_status":"open","sticky":false,"template":"","format":"standard","meta":{"footnotes":""},"categories":[8,6,5],"tags":[],"class_list":["post-29878","post","type-post","status-publish","format-standard","has-post-thumbnail","hentry","category-arsiv","category-gundem","category-son-dakika"],"_links":{"self":[{"href":"https:\/\/eskigazeteci.com\/index.php?rest_route=\/wp\/v2\/posts\/29878","targetHints":{"allow":["GET"]}}],"collection":[{"href":"https:\/\/eskigazeteci.com\/index.php?rest_route=\/wp\/v2\/posts"}],"about":[{"href":"https:\/\/eskigazeteci.com\/index.php?rest_route=\/wp\/v2\/types\/post"}],"author":[{"embeddable":true,"href":"https:\/\/eskigazeteci.com\/index.php?rest_route=\/wp\/v2\/users\/2"}],"replies":[{"embeddable":true,"href":"https:\/\/eskigazeteci.com\/index.php?rest_route=%2Fwp%2Fv2%2Fcomments&post=29878"}],"version-history":[{"count":0,"href":"https:\/\/eskigazeteci.com\/index.php?rest_route=\/wp\/v2\/posts\/29878\/revisions"}],"wp:featuredmedia":[{"embeddable":true,"href":"https:\/\/eskigazeteci.com\/index.php?rest_route=\/wp\/v2\/media\/29877"}],"wp:attachment":[{"href":"https:\/\/eskigazeteci.com\/index.php?rest_route=%2Fwp%2Fv2%2Fmedia&parent=29878"}],"wp:term":[{"taxonomy":"category","embeddable":true,"href":"https:\/\/eskigazeteci.com\/index.php?rest_route=%2Fwp%2Fv2%2Fcategories&post=29878"},{"taxonomy":"post_tag","embeddable":true,"href":"https:\/\/eskigazeteci.com\/index.php?rest_route=%2Fwp%2Fv2%2Ftags&post=29878"}],"curies":[{"name":"wp","href":"https:\/\/api.w.org\/{rel}","templated":true}]}}