{"id":29876,"date":"2026-04-28T07:23:45","date_gmt":"2026-04-28T07:23:45","guid":{"rendered":"https:\/\/eskigazeteci.com\/?p=29876"},"modified":"2026-04-28T07:23:45","modified_gmt":"2026-04-28T07:23:45","slug":"dunyanin-ve-ulkemizin-en-buyugu-turk-dizilerinden-etkilenip-geliyorlar-adimini-atan-saatlerce-cikamiyor","status":"publish","type":"post","link":"https:\/\/eskigazeteci.com\/?p=29876","title":{"rendered":"D\u00fcnyan\u0131n ve \u00fclkemizin en b\u00fcy\u00fc\u011f\u00fc: T\u00fcrk dizilerinden etkilenip geliyorlar! Ad\u0131m\u0131n\u0131 atan saatlerce \u00e7\u0131kam\u0131yor"},"content":{"rendered":"<p>Birinci Alaeddin Keykubad d\u00f6neminde yapt\u0131r\u0131lan Sultanhan\u0131 Kervansaray\u0131, Anadolu Sel\u00e7uklu d\u00f6neminden g\u00fcn\u00fcm\u00fcze ula\u015fan ve t\u00fcr\u00fcn\u00fcn en b\u00fcy\u00fc\u011f\u00fc olarak biliniyor.<\/p>\n<p>Birinci Alaeddin Keykubad d\u00f6neminde yapt\u0131r\u0131lan Sultanhan\u0131 Kervansaray\u0131, Anadolu Sel\u00e7uklu d\u00f6neminden g\u00fcn\u00fcm\u00fcze ula\u015fan ve t\u00fcr\u00fcn\u00fcn en b\u00fcy\u00fc\u011f\u00fc olarak biliniyor.<\/p>\n<p>Kervansaray, restore edildikten sonra bo\u015f odalar\u0131 asl\u0131na uygun hale getirilip, turizme kazand\u0131r\u0131ld\u0131. 800 y\u0131ld\u0131r ayakta olan ve 2014 y\u0131l\u0131nda UNESCO taraf\u0131ndan D\u00fcnya Miras\u0131 Ge\u00e7ici Listesi&#x27;ne al\u0131nan Sultanhan\u0131 Kervansaray\u0131\u2019n\u0131 y\u0131lda ortalama 200 bin yabanc\u0131 turist ziyaret ediyor.<\/p>\n<p>Kervansaray, restore edildikten sonra bo\u015f odalar\u0131 asl\u0131na uygun hale getirilip, turizme kazand\u0131r\u0131ld\u0131. 800 y\u0131ld\u0131r ayakta olan ve 2014 y\u0131l\u0131nda UNESCO taraf\u0131ndan D\u00fcnya Miras\u0131 Ge\u00e7ici Listesi&#x27;ne al\u0131nan Sultanhan\u0131 Kervansaray\u0131\u2019n\u0131 y\u0131lda ortalama 200 bin yabanc\u0131 turist ziyaret ediyor.<\/p>\n<p>&#x27;SAATLERCE BURADAN \u00c7IKAMIYORLAR&#x27; Aksaray Turizmciler Derne\u011fi Ba\u015fkan\u0131 da olan Sultanhan\u0131 Belediye Ba\u015fkan\u0131 Fahri Solak, &quot;D\u00fcnyan\u0131n ve T\u00fcrkiye&#x27;nin en b\u00fcy\u00fck kervansaray\u0131 Sultanhan\u0131&#x27;na 200 bin biletli turistimiz geldi. Biz meclis karar\u0131yla yerli misafirlerimizden \u00fccret almama karar\u0131 ald\u0131k. Bunu da kendi k\u00fclt\u00fcr\u00fcm\u00fcz\u00fc tan\u0131tmak i\u00e7in&#8230;<\/p>\n","protected":false},"excerpt":{"rendered":"<p>Aksaray&#8217;da 1229 y\u0131l\u0131nda Birinci Alaeddin Keykubad taraf\u0131ndan yapt\u0131r\u0131lan ve 2014 y\u0131l\u0131nda UNESCO taraf\u0131ndan D\u00fcnya Miras\u0131 Ge\u00e7ici Listesi&#8217;ne al\u0131nan Sultanhan\u0131&#8230;<\/p>\n","protected":false},"author":2,"featured_media":29875,"comment_status":"open","ping_status":"open","sticky":false,"template":"","format":"standard","meta":{"footnotes":""},"categories":[8,6,5],"tags":[],"class_list":["post-29876","post","type-post","status-publish","format-standard","has-post-thumbnail","hentry","category-arsiv","category-gundem","category-son-dakika"],"_links":{"self":[{"href":"https:\/\/eskigazeteci.com\/index.php?rest_route=\/wp\/v2\/posts\/29876","targetHints":{"allow":["GET"]}}],"collection":[{"href":"https:\/\/eskigazeteci.com\/index.php?rest_route=\/wp\/v2\/posts"}],"about":[{"href":"https:\/\/eskigazeteci.com\/index.php?rest_route=\/wp\/v2\/types\/post"}],"author":[{"embeddable":true,"href":"https:\/\/eskigazeteci.com\/index.php?rest_route=\/wp\/v2\/users\/2"}],"replies":[{"embeddable":true,"href":"https:\/\/eskigazeteci.com\/index.php?rest_route=%2Fwp%2Fv2%2Fcomments&post=29876"}],"version-history":[{"count":0,"href":"https:\/\/eskigazeteci.com\/index.php?rest_route=\/wp\/v2\/posts\/29876\/revisions"}],"wp:featuredmedia":[{"embeddable":true,"href":"https:\/\/eskigazeteci.com\/index.php?rest_route=\/wp\/v2\/media\/29875"}],"wp:attachment":[{"href":"https:\/\/eskigazeteci.com\/index.php?rest_route=%2Fwp%2Fv2%2Fmedia&parent=29876"}],"wp:term":[{"taxonomy":"category","embeddable":true,"href":"https:\/\/eskigazeteci.com\/index.php?rest_route=%2Fwp%2Fv2%2Fcategories&post=29876"},{"taxonomy":"post_tag","embeddable":true,"href":"https:\/\/eskigazeteci.com\/index.php?rest_route=%2Fwp%2Fv2%2Ftags&post=29876"}],"curies":[{"name":"wp","href":"https:\/\/api.w.org\/{rel}","templated":true}]}}