{"id":29874,"date":"2026-04-28T07:13:46","date_gmt":"2026-04-28T07:13:46","guid":{"rendered":"https:\/\/eskigazeteci.com\/?p=29874"},"modified":"2026-04-28T07:13:46","modified_gmt":"2026-04-28T07:13:46","slug":"kavga-edip-balkondan-dustu-hayatini-kaybetti","status":"publish","type":"post","link":"https:\/\/eskigazeteci.com\/?p=29874","title":{"rendered":"Kavga edip balkondan d\u00fc\u015ft\u00fc, hayat\u0131n\u0131 kaybetti"},"content":{"rendered":"<p>Olay, 25 Nisan&#x27;da Sulakyurt il\u00e7esi Fara\u015fl\u0131 k\u00f6y\u00fcnde meydana geldi. Edinilen bilgiye g\u00f6re, Musa \u00c7a\u011flar (63) ile G.\u00d6. aras\u0131nda hen\u00fcz bilinmeyen sebeple tart\u0131\u015fma \u00e7\u0131kt\u0131. Alkoll\u00fc olduklar\u0131 \u00f6\u011frenilen iki ki\u015fi aras\u0131ndaki tart\u0131\u015fma k\u0131sa s\u00fcrede kavgaya d\u00f6n\u00fc\u015ft\u00fc. Kavga eden \u00c7a\u011flar ile G.\u00d6., birinci kattaki balkondan zemine d\u00fc\u015ft\u00fc. D\u00fc\u015fme neticesinde G.\u00d6.&#x27;n\u00fcn alt\u0131nda kalan \u00c7a\u011flar, olay yerinde hayat\u0131n\u0131 kaybetti. G.\u00d6. ise olaydan yara almadan kurtuldu.<\/p>\n<p>\u0130NT\u0130HAR DE\u011e\u0130L BALKONDAN D\u00dc\u015eEN K\u0130\u015e\u0130N\u0130N ALTINA KALARAK \u00d6LD\u00dc<\/p>\n<p>\u0130hbar \u00fczerine k\u00f6ye jandarma ve sa\u011fl\u0131k ekipleri sevk edildi. Olay yeri inceleme ekiplerinin \u00e7al\u0131\u015fmas\u0131n\u0131n ard\u0131ndan \u00c7a\u011flar&#x27;\u0131n cenazesi, otopsi yap\u0131lmak \u00fczere Adli T\u0131p Kurumuna kald\u0131r\u0131ld\u0131. JASAT ekiplerince y\u00fcr\u00fct\u00fclen detayl\u0131 incelemede, olay\u0131n intihar olmad\u0131\u011f\u0131 tespit edildi. \u00c7a\u011flar&#x27;\u0131n kavga s\u0131ras\u0131nda balkondan d\u00fc\u015ft\u00fc\u011f\u00fc ve \u00fczerine d\u00fc\u015fen G.\u00d6.&#x27;n\u00fcn alt\u0131nda kalarak hayat\u0131n\u0131 kaybetti\u011fi belirlendi.<\/p>\n<p>\u0130K\u0130 K\u0130\u015e\u0130 G\u00d6ZALTINA ALINDI<\/p>\n<p>Soru\u015fturma kapsam\u0131nda A.\u00c7. ile G.\u00d6. g\u00f6zalt\u0131na al\u0131nd\u0131. Jandarmadaki i\u015flemlerinin ard\u0131ndan adliyeye sevk edilen A.\u00c7., adli kontrol ve yurt d\u0131\u015f\u0131 \u00e7\u0131k\u0131\u015f yasa\u011f\u0131 \u015fart\u0131yla serbest b\u0131rak\u0131ld\u0131. G.\u00d6. ise &quot;kasten \u00f6ld\u00fcrme&quot; su\u00e7undan tutuklanarak cezaevine g\u00f6nderildi. Musa \u00c7a\u011flar &#x27;\u0131n cenazesi,&#8230;<\/p>\n","protected":false},"excerpt":{"rendered":"<p>K\u0131r\u0131kkale&#8217;nin Sulakyurt il\u00e7esinde 3 g\u00fcn \u00f6nce intihar olarak hayat\u0131n\u0131 kaybetti\u011fi bildirilen 63 ya\u015f\u0131ndaki adam\u0131n, JASAT ekiplerinin \u00e7al\u0131\u015fmas\u0131yla kavga&#8230;<\/p>\n","protected":false},"author":2,"featured_media":29873,"comment_status":"open","ping_status":"open","sticky":false,"template":"","format":"standard","meta":{"footnotes":""},"categories":[8,6,5],"tags":[],"class_list":["post-29874","post","type-post","status-publish","format-standard","has-post-thumbnail","hentry","category-arsiv","category-gundem","category-son-dakika"],"_links":{"self":[{"href":"https:\/\/eskigazeteci.com\/index.php?rest_route=\/wp\/v2\/posts\/29874","targetHints":{"allow":["GET"]}}],"collection":[{"href":"https:\/\/eskigazeteci.com\/index.php?rest_route=\/wp\/v2\/posts"}],"about":[{"href":"https:\/\/eskigazeteci.com\/index.php?rest_route=\/wp\/v2\/types\/post"}],"author":[{"embeddable":true,"href":"https:\/\/eskigazeteci.com\/index.php?rest_route=\/wp\/v2\/users\/2"}],"replies":[{"embeddable":true,"href":"https:\/\/eskigazeteci.com\/index.php?rest_route=%2Fwp%2Fv2%2Fcomments&post=29874"}],"version-history":[{"count":0,"href":"https:\/\/eskigazeteci.com\/index.php?rest_route=\/wp\/v2\/posts\/29874\/revisions"}],"wp:featuredmedia":[{"embeddable":true,"href":"https:\/\/eskigazeteci.com\/index.php?rest_route=\/wp\/v2\/media\/29873"}],"wp:attachment":[{"href":"https:\/\/eskigazeteci.com\/index.php?rest_route=%2Fwp%2Fv2%2Fmedia&parent=29874"}],"wp:term":[{"taxonomy":"category","embeddable":true,"href":"https:\/\/eskigazeteci.com\/index.php?rest_route=%2Fwp%2Fv2%2Fcategories&post=29874"},{"taxonomy":"post_tag","embeddable":true,"href":"https:\/\/eskigazeteci.com\/index.php?rest_route=%2Fwp%2Fv2%2Ftags&post=29874"}],"curies":[{"name":"wp","href":"https:\/\/api.w.org\/{rel}","templated":true}]}}