{"id":29872,"date":"2026-04-28T07:05:17","date_gmt":"2026-04-28T07:05:17","guid":{"rendered":"https:\/\/eskigazeteci.com\/?p=29872"},"modified":"2026-04-28T07:05:17","modified_gmt":"2026-04-28T07:05:17","slug":"istanbulda-toplu-tasimada-hirsizlik-yapan-kisiler-yakalandi","status":"publish","type":"post","link":"https:\/\/eskigazeteci.com\/?p=29872","title":{"rendered":"\u0130stanbul&#8217;da toplu ta\u015f\u0131mada h\u0131rs\u0131zl\u0131k yapan ki\u015filer yakaland\u0131"},"content":{"rendered":"<p>\u0130lk olay \u015ei\u015fli\u2019de 21 Mart Cumartesi g\u00fcn\u00fc metroda meydana geldi. M\u0131s\u0131r\u2019dan turist olarak \u0130stanbul &#x27;a gelen M.T.\u2019nin i\u00e7inde bir miktar para, kredi kartlar\u0131, kimlik ve pasaportunun bulundu\u011fu c\u00fczdan\u0131 \u00e7al\u0131nd\u0131. H\u0131rs\u0131zl\u0131k B\u00fcro Amirli\u011fi ekipleri taraf\u0131ndan ba\u015flat\u0131lan soru\u015fturmada polis \u015f\u00fcphelilerin metroda h\u0131rs\u0131zl\u0131k anlar\u0131ndaki g\u00fcvenlik kamera g\u00f6r\u00fcnt\u00fclerine ula\u015ft\u0131. Polis \u015f\u00fcphelileri yakalamak i\u00e7in \u00e7al\u0131\u015fmalar\u0131n\u0131 s\u00fcrd\u00fcr\u00fcrken, 4 Nisan Cumartesi g\u00fcn\u00fc bu kez, \u015ei\u015fhane Metro dura\u011f\u0131nda Hindistan uyruklu K.M.\u2019nin c\u00fczdan\u0131 \u00e7al\u0131nd\u0131. 15 Nisan \u00c7ar\u015famba g\u00fcn\u00fc meydana gelen olayda ise, Fatih&#x27;te T1 Tramvay hatt\u0131 G\u00fclhane dura\u011f\u0131nda Libya uyruklu E.J.E.Q\u2019nin 7 bin 500 dolar paras\u0131 \u00e7al\u0131nd\u0131.<\/p>\n<p>\u015e\u00dcPHEL\u0130LER TUTUKLANDI<\/p>\n<p>H\u0131rs\u0131zl\u0131k B\u00fcro Amirli\u011fi ekipleri \u00fc\u00e7 h\u0131rs\u0131zl\u0131k olay\u0131n\u0131 da ayn\u0131 \u015f\u00fcphelilerin yapt\u0131\u011f\u0131n\u0131 belirledi. Kimlikleri tespit edilen R.C.(46) ile Y.M.(46) g\u00f6zalt\u0131na al\u0131nd\u0131. \u015e\u00fcphelilerin poliste daha \u00f6nceden su\u00e7 kay\u0131tlar\u0131 oldu\u011fu da belirlendi. \u0130\u015flemlerinin ard\u0131ndan adliyeye sevk edilen 2 \u015f\u00fcpheli tutuklanarak cezaevine g\u00f6nderildi.<\/p>\n<p>T\u00fcrkiye g\u00fcndeminden son dakika haberleri, bug\u00fcn ya\u015fanan en son geli\u015fmeler, siyaset g\u00fcndeminden g\u00fcncel haberler ve b\u00fct\u00fcn son dakika haberleri i\u00e7in H\u00fcrriyet&#x27;in internet haber sitesi&#8230;<\/p>\n","protected":false},"excerpt":{"rendered":"<p>\u0130stanbul\u2019da metrolarda ve duraklarda h\u0131rs\u0131zl\u0131k yapt\u0131klar\u0131 iddia edilen 2 \u015f\u00fcpheli g\u00f6zalt\u0131na al\u0131nd\u0131. \u015e\u00fcphelilerin metroda h\u0131rs\u0131zl\u0131k yapt\u0131klar\u0131 anlar g\u00fcvenlik&#8230;<\/p>\n","protected":false},"author":2,"featured_media":29871,"comment_status":"open","ping_status":"open","sticky":false,"template":"","format":"standard","meta":{"footnotes":""},"categories":[8,6,5],"tags":[],"class_list":["post-29872","post","type-post","status-publish","format-standard","has-post-thumbnail","hentry","category-arsiv","category-gundem","category-son-dakika"],"_links":{"self":[{"href":"https:\/\/eskigazeteci.com\/index.php?rest_route=\/wp\/v2\/posts\/29872","targetHints":{"allow":["GET"]}}],"collection":[{"href":"https:\/\/eskigazeteci.com\/index.php?rest_route=\/wp\/v2\/posts"}],"about":[{"href":"https:\/\/eskigazeteci.com\/index.php?rest_route=\/wp\/v2\/types\/post"}],"author":[{"embeddable":true,"href":"https:\/\/eskigazeteci.com\/index.php?rest_route=\/wp\/v2\/users\/2"}],"replies":[{"embeddable":true,"href":"https:\/\/eskigazeteci.com\/index.php?rest_route=%2Fwp%2Fv2%2Fcomments&post=29872"}],"version-history":[{"count":0,"href":"https:\/\/eskigazeteci.com\/index.php?rest_route=\/wp\/v2\/posts\/29872\/revisions"}],"wp:featuredmedia":[{"embeddable":true,"href":"https:\/\/eskigazeteci.com\/index.php?rest_route=\/wp\/v2\/media\/29871"}],"wp:attachment":[{"href":"https:\/\/eskigazeteci.com\/index.php?rest_route=%2Fwp%2Fv2%2Fmedia&parent=29872"}],"wp:term":[{"taxonomy":"category","embeddable":true,"href":"https:\/\/eskigazeteci.com\/index.php?rest_route=%2Fwp%2Fv2%2Fcategories&post=29872"},{"taxonomy":"post_tag","embeddable":true,"href":"https:\/\/eskigazeteci.com\/index.php?rest_route=%2Fwp%2Fv2%2Ftags&post=29872"}],"curies":[{"name":"wp","href":"https:\/\/api.w.org\/{rel}","templated":true}]}}