{"id":29870,"date":"2026-04-28T07:03:45","date_gmt":"2026-04-28T07:03:45","guid":{"rendered":"https:\/\/eskigazeteci.com\/?p=29870"},"modified":"2026-04-28T07:03:45","modified_gmt":"2026-04-28T07:03:45","slug":"murat-bozdan-gulistan-icin-agit","status":"publish","type":"post","link":"https:\/\/eskigazeteci.com\/?p=29870","title":{"rendered":"Murat Boz&#8217;dan G\u00fclistan i\u00e7in a\u011f\u0131t"},"content":{"rendered":"<p>Pop m\u00fczi\u011fin \u00fcnl\u00fc ismi Murat Boz, 2020 y\u0131l\u0131nda kaybolan ve cinayete kurban gitti\u011fi ortaya \u00e7\u0131kan \u00fcniversite \u00f6\u011frencisi G\u00fclistan Doku i\u00e7in kaleme ald\u0131\u011f\u0131 duygusal&#8230;<\/p>\n","protected":false},"excerpt":{"rendered":"<p>Pop m\u00fczi\u011fin \u00fcnl\u00fc ismi Murat Boz, 2020 y\u0131l\u0131nda kaybolan ve cinayete kurban gitti\u011fi ortaya \u00e7\u0131kan \u00fcniversite \u00f6\u011frencisi G\u00fclistan Doku i\u00e7in kaleme ald\u0131\u011f\u0131 duygusal&#8230;<\/p>\n","protected":false},"author":2,"featured_media":29869,"comment_status":"open","ping_status":"open","sticky":false,"template":"","format":"standard","meta":{"footnotes":""},"categories":[8,6,5],"tags":[],"class_list":["post-29870","post","type-post","status-publish","format-standard","has-post-thumbnail","hentry","category-arsiv","category-gundem","category-son-dakika"],"_links":{"self":[{"href":"https:\/\/eskigazeteci.com\/index.php?rest_route=\/wp\/v2\/posts\/29870","targetHints":{"allow":["GET"]}}],"collection":[{"href":"https:\/\/eskigazeteci.com\/index.php?rest_route=\/wp\/v2\/posts"}],"about":[{"href":"https:\/\/eskigazeteci.com\/index.php?rest_route=\/wp\/v2\/types\/post"}],"author":[{"embeddable":true,"href":"https:\/\/eskigazeteci.com\/index.php?rest_route=\/wp\/v2\/users\/2"}],"replies":[{"embeddable":true,"href":"https:\/\/eskigazeteci.com\/index.php?rest_route=%2Fwp%2Fv2%2Fcomments&post=29870"}],"version-history":[{"count":0,"href":"https:\/\/eskigazeteci.com\/index.php?rest_route=\/wp\/v2\/posts\/29870\/revisions"}],"wp:featuredmedia":[{"embeddable":true,"href":"https:\/\/eskigazeteci.com\/index.php?rest_route=\/wp\/v2\/media\/29869"}],"wp:attachment":[{"href":"https:\/\/eskigazeteci.com\/index.php?rest_route=%2Fwp%2Fv2%2Fmedia&parent=29870"}],"wp:term":[{"taxonomy":"category","embeddable":true,"href":"https:\/\/eskigazeteci.com\/index.php?rest_route=%2Fwp%2Fv2%2Fcategories&post=29870"},{"taxonomy":"post_tag","embeddable":true,"href":"https:\/\/eskigazeteci.com\/index.php?rest_route=%2Fwp%2Fv2%2Ftags&post=29870"}],"curies":[{"name":"wp","href":"https:\/\/api.w.org\/{rel}","templated":true}]}}