{"id":29868,"date":"2026-04-28T06:55:25","date_gmt":"2026-04-28T06:55:25","guid":{"rendered":"https:\/\/eskigazeteci.com\/?p=29868"},"modified":"2026-04-28T06:55:25","modified_gmt":"2026-04-28T06:55:25","slug":"manavgat-belediyesi-sorusturmasinda-saniklarin-tutukluluguna-devam-karari","status":"publish","type":"post","link":"https:\/\/eskigazeteci.com\/?p=29868","title":{"rendered":"Manavgat Belediyesi soru\u015fturmas\u0131nda &#8216;san\u0131klar\u0131n tutuklulu\u011funa devam&#8217; karar\u0131"},"content":{"rendered":"<p>Manavgat Cumhuriyet Ba\u015fsavc\u0131l\u0131\u011f\u0131 taraf\u0131ndan Manavgat Belediyesi&#x27;ne y\u00f6nelik ge\u00e7en y\u0131l nisan ay\u0131nda ba\u015flat\u0131lan &#x27; yolsuzluk &#x27;, &#x27;r\u00fc\u015fvet&#x27; ve &#x27;irtikap&#x27; soru\u015fturmas\u0131 kapsam\u0131nda Belediye Ba\u015fkan\u0131 Niyazi Nefi Kara, ayn\u0131 y\u0131l\u0131n temmuz ay\u0131nda tutukland\u0131 ve g\u00f6revinden uzakla\u015ft\u0131r\u0131ld\u0131. Manavgat Cumhuriyet Ba\u015fsavc\u0131l\u0131\u011f\u0131 taraf\u0131ndan Niyazi Nefi Kara ile belediye ba\u015fkan yard\u0131mc\u0131lar\u0131, meclis \u00fcyeleri ve i\u015f insanlar\u0131n\u0131n da aralar\u0131nda bulundu\u011fu 41 san\u0131k hakk\u0131nda haz\u0131rlanan iddianame, Manavgat 3&#x27;\u00fcnc\u00fc A\u011f\u0131r Ceza Mahkemesi taraf\u0131ndan kabul edildi. \u0130ddianamede, Manavgat Belediyesi i\u00e7inde \u00e7\u0131kar ama\u00e7l\u0131 su\u00e7 \u00f6rg\u00fct\u00fc kuruldu\u011fu, \u00f6rg\u00fct\u00fcn y\u00f6neticili\u011fini de Niyazi Nefi Kara&#x27;n\u0131n yapt\u0131\u011f\u0131 belirtilerek, Kara&#x27;n\u0131n, kamu g\u00fcc\u00fcn\u00fc kullanarak bir araya getirdi\u011fi ki\u015filerle &#x27;Su\u00e7 \u00f6rg\u00fct\u00fc kurmak&#x27;, &#x27;R\u00fc\u015fvet almak&#x27;, &#x27;Zimmet&#x27; ve &#x27;\u0130rtikap&#x27; su\u00e7lar\u0131n\u0131n birincil sorumlusu oldu\u011fu belirtildi. \u0130ddianamede, Niyazi Nefi Kara hakk\u0131nda &#x27;Su\u00e7 i\u015flemek amac\u0131yla \u00f6rg\u00fct kurma&#x27;, &#x27;R\u00fc\u015fvet&#x27;, &#x27;\u0130rtikap&#x27; gibi 6 ayr\u0131 su\u00e7tan toplam 31 y\u0131ldan 69 y\u0131la kadar hapis, di\u011fer san\u0131klar hakk\u0131nda ise \u00e7e\u015fitli hapis cezalar\u0131 talep edildi.<\/p>\n<p>D\u00d6RD\u00dcNC\u00dc DURU\u015eMA G\u00d6R\u00dcLD\u00dc<\/p>\n<p>Niyazi Nefi Kara, belediye ba\u015fkan yard\u0131mc\u0131lar\u0131 Mehmet Engin T\u00fcter ve S\u0131la Ceyhan Berkaya, Kara&#x27;n\u0131n ye\u011feni H\u00fcseyin&#8230;<\/p>\n","protected":false},"excerpt":{"rendered":"<p>Antalya&#8217;da Manavgat Belediyesi&#8217;ne y\u00f6nelik &#8216;yolsuzluk&#8217;, &#8216;r\u00fc\u015fvet&#8217; ve &#8216;irtikap&#8217; soru\u015fturmas\u0131 kapsam\u0131nda belediye ba\u015fkanl\u0131\u011f\u0131 g\u00f6revinden uzakla\u015ft\u0131r\u0131lan Niyazi&#8230;<\/p>\n","protected":false},"author":2,"featured_media":29867,"comment_status":"open","ping_status":"open","sticky":false,"template":"","format":"standard","meta":{"footnotes":""},"categories":[8,6,5],"tags":[],"class_list":["post-29868","post","type-post","status-publish","format-standard","has-post-thumbnail","hentry","category-arsiv","category-gundem","category-son-dakika"],"_links":{"self":[{"href":"https:\/\/eskigazeteci.com\/index.php?rest_route=\/wp\/v2\/posts\/29868","targetHints":{"allow":["GET"]}}],"collection":[{"href":"https:\/\/eskigazeteci.com\/index.php?rest_route=\/wp\/v2\/posts"}],"about":[{"href":"https:\/\/eskigazeteci.com\/index.php?rest_route=\/wp\/v2\/types\/post"}],"author":[{"embeddable":true,"href":"https:\/\/eskigazeteci.com\/index.php?rest_route=\/wp\/v2\/users\/2"}],"replies":[{"embeddable":true,"href":"https:\/\/eskigazeteci.com\/index.php?rest_route=%2Fwp%2Fv2%2Fcomments&post=29868"}],"version-history":[{"count":0,"href":"https:\/\/eskigazeteci.com\/index.php?rest_route=\/wp\/v2\/posts\/29868\/revisions"}],"wp:featuredmedia":[{"embeddable":true,"href":"https:\/\/eskigazeteci.com\/index.php?rest_route=\/wp\/v2\/media\/29867"}],"wp:attachment":[{"href":"https:\/\/eskigazeteci.com\/index.php?rest_route=%2Fwp%2Fv2%2Fmedia&parent=29868"}],"wp:term":[{"taxonomy":"category","embeddable":true,"href":"https:\/\/eskigazeteci.com\/index.php?rest_route=%2Fwp%2Fv2%2Fcategories&post=29868"},{"taxonomy":"post_tag","embeddable":true,"href":"https:\/\/eskigazeteci.com\/index.php?rest_route=%2Fwp%2Fv2%2Ftags&post=29868"}],"curies":[{"name":"wp","href":"https:\/\/api.w.org\/{rel}","templated":true}]}}