{"id":29866,"date":"2026-04-28T06:53:51","date_gmt":"2026-04-28T06:53:51","guid":{"rendered":"https:\/\/eskigazeteci.com\/?p=29866"},"modified":"2026-04-28T06:53:51","modified_gmt":"2026-04-28T06:53:51","slug":"galatasaray-yenilgisinin-ardindan-fenerbahcede-soyunma-odasi-karisti-kadro-disi-birakin","status":"publish","type":"post","link":"https:\/\/eskigazeteci.com\/?p=29866","title":{"rendered":"Galatasaray yenilgisinin ard\u0131ndan Fenerbah\u00e7e&#8217;de soyunma odas\u0131 kar\u0131\u015ft\u0131: &#8216;Kadro d\u0131\u015f\u0131 b\u0131rak\u0131n!&#8217;"},"content":{"rendered":"<p>T\u00fcrk futbolunun iki devi Fenerbah\u00e7e ile Galatasaray , hemen her transfer d\u00f6neminde oldu\u011fu gibi ge\u00e7ti\u011fimiz yaz da kar\u015f\u0131 kar\u015f\u0131ya geldi. 8 sene Manchester City kalesini koruyan Ederson i\u00e7in ba\u015flayan yar\u0131\u015f\u0131 Sar\u0131-Lacivertliler kazand\u0131.<\/p>\n<p>44 M\u0130LYON EURO MAL\u0130YET ALTINA G\u0130R\u0130LD\u0130<\/p>\n<p>Sambac\u0131 i\u00e7in \u0130ngiliz devine 11 milyon Euro bonservis \u00f6dendi. Y\u0131ll\u0131k 11 milyon Euro maa\u015fla Fenerbah\u00e7e tarihinin en \u00e7ok kazanan isimlerinden biri olan Ederson ile 3 senelik s\u00f6zle\u015fme imzaland\u0131.<\/p>\n<p>T\u00fcm d\u00fcnyada b\u00fcy\u00fck ses getiren bu transfer, daha sezon bitmeden b\u00fcy\u00fck bir fiyaskoya d\u00f6n\u00fc\u015ft\u00fc.<\/p>\n<p>BE\u015e\u0130KTA\u015e DERB\u0130S\u0130NDE NOEL \u0130ZN\u0130 ALDI, NOTTINGHAM DEPLASMANINA G\u0130TMED\u0130<\/p>\n<p>Ederson, 23 Aral\u0131k\u2019ta kupadaki Be\u015fikta\u015f ma\u00e7\u0131nda Noel izni ald\u0131\u011f\u0131 i\u00e7in oynamad\u0131.<\/p>\n<p>23 \u015eubat\u2019ta 1-1 biten Kas\u0131mpa\u015fa ma\u00e7\u0131n\u0131n hemen ard\u0131ndan Tedesco ilgin\u00e7 bir a\u00e7\u0131klamayla \u00f6\u011frencisinin 3 hafta sahalardan uzak kalaca\u011f\u0131n\u0131 a\u00e7\u0131klad\u0131. Sambac\u0131, 3-0\u2019\u0131n r\u00f6van\u015f\u0131nda 26 \u015eubat\u2019taki Nottingham deplasman\u0131na gitmedi, 1 Mart\u2019ta Antalya ma\u00e7\u0131na 11\u2019de ba\u015flamas\u0131 \u015fa\u015fk\u0131nl\u0131k yaratt\u0131.<\/p>\n<p>R\u0130ZESPOR MA\u00c7INDAK\u0130 HATASIYLA UMUTLARA DARBE VURDU<\/p>\n<p>Ederson, ge\u00e7en hafta Rizespor m\u00fccadelesinde 90+8\u2019de yapt\u0131\u011f\u0131 b\u00fcy\u00fck hatayla tak\u0131m\u0131n\u0131n gol yemesine neden oldu. 2-2\u2019lik beraberlik, \u015fampiyonluk umutlar\u0131na a\u011f\u0131r darbe&#8230;<\/p>\n","protected":false},"excerpt":{"rendered":"<p>Fenerbah\u00e7e&#8217;de sezon ba\u015f\u0131nda Manchester City&#8217;den b\u00fcy\u00fck umutlarla transfer edilen ancak \u00f6zellikle sezonun son b\u00f6l\u00fcm\u00fcnde hayal k\u0131r\u0131kl\u0131\u011f\u0131 yaratan Ederson,&#8230;<\/p>\n","protected":false},"author":2,"featured_media":29865,"comment_status":"open","ping_status":"open","sticky":false,"template":"","format":"standard","meta":{"footnotes":""},"categories":[8,5,7],"tags":[],"class_list":["post-29866","post","type-post","status-publish","format-standard","has-post-thumbnail","hentry","category-arsiv","category-son-dakika","category-spor"],"_links":{"self":[{"href":"https:\/\/eskigazeteci.com\/index.php?rest_route=\/wp\/v2\/posts\/29866","targetHints":{"allow":["GET"]}}],"collection":[{"href":"https:\/\/eskigazeteci.com\/index.php?rest_route=\/wp\/v2\/posts"}],"about":[{"href":"https:\/\/eskigazeteci.com\/index.php?rest_route=\/wp\/v2\/types\/post"}],"author":[{"embeddable":true,"href":"https:\/\/eskigazeteci.com\/index.php?rest_route=\/wp\/v2\/users\/2"}],"replies":[{"embeddable":true,"href":"https:\/\/eskigazeteci.com\/index.php?rest_route=%2Fwp%2Fv2%2Fcomments&post=29866"}],"version-history":[{"count":0,"href":"https:\/\/eskigazeteci.com\/index.php?rest_route=\/wp\/v2\/posts\/29866\/revisions"}],"wp:featuredmedia":[{"embeddable":true,"href":"https:\/\/eskigazeteci.com\/index.php?rest_route=\/wp\/v2\/media\/29865"}],"wp:attachment":[{"href":"https:\/\/eskigazeteci.com\/index.php?rest_route=%2Fwp%2Fv2%2Fmedia&parent=29866"}],"wp:term":[{"taxonomy":"category","embeddable":true,"href":"https:\/\/eskigazeteci.com\/index.php?rest_route=%2Fwp%2Fv2%2Fcategories&post=29866"},{"taxonomy":"post_tag","embeddable":true,"href":"https:\/\/eskigazeteci.com\/index.php?rest_route=%2Fwp%2Fv2%2Ftags&post=29866"}],"curies":[{"name":"wp","href":"https:\/\/api.w.org\/{rel}","templated":true}]}}