{"id":29864,"date":"2026-04-28T06:45:15","date_gmt":"2026-04-28T06:45:15","guid":{"rendered":"https:\/\/eskigazeteci.com\/?p=29864"},"modified":"2026-04-28T06:45:15","modified_gmt":"2026-04-28T06:45:15","slug":"istanbul-ve-tekirdagda-suc-orgutune-operasyon-13-supheli-gozaltinda","status":"publish","type":"post","link":"https:\/\/eskigazeteci.com\/?p=29864","title":{"rendered":"\u0130stanbul ve Tekirda\u011f&#8217;da su\u00e7 \u00f6rg\u00fct\u00fcne operasyon: 13 \u015f\u00fcpheli g\u00f6zalt\u0131nda"},"content":{"rendered":"<p>\u0130stanbul Emniyet M\u00fcd\u00fcrl\u00fc\u011f\u00fc Organize Su\u00e7larla M\u00fccadele \u015eube M\u00fcd\u00fcrl\u00fc\u011f\u00fc ekipleri, Bak\u0131rk\u00f6y Cumhuriyet Ba\u015fsavc\u0131l\u0131\u011f\u0131 koordinesinde y\u00fcr\u00fct\u00fclen \u00e7al\u0131\u015fmalar kapsam\u0131nda, \u00fclke genelinde ve uluslararas\u0131 d\u00fczeyde faaliyet g\u00f6sterdi\u011fi belirlenen su\u00e7 \u00f6rg\u00fct\u00fcn\u00fc takibe ald\u0131.<\/p>\n<p>Yap\u0131lan incelemelerde, hakk\u0131nda k\u0131rm\u0131z\u0131 b\u00fcltenle yakalama karar\u0131 bulunan ve yurt d\u0131\u015f\u0131nda oldu\u011fu de\u011ferlendirilen \u00f6rg\u00fct liderinin y\u00f6netti\u011fi \u00f6rg\u00fcte mensup \u015f\u00fcphelilerin, \u0130stanbul&#x27;da farkl\u0131 tarihlerde 5 ayr\u0131 silahl\u0131 eyleme kar\u0131\u015ft\u0131klar\u0131 tespit edildi.<\/p>\n<p>\u0130STANBUL VE TEK\u0130RDA\u011e&#x27;DA OPERASYON<\/p>\n<p>\u015e\u00fcphelilerin; 9 Nisan&#x27;da Ata\u015fehir&#x27;de, 11 Nisan&#x27;da Sar\u0131yer&#x27;de 2 galerinin kur\u015funlanmas\u0131, 14 Nisan&#x27;da Ba\u011fc\u0131lar&#x27;da silahl\u0131 sald\u0131r\u0131 ile Sar\u0131yer&#x27;de bir galerinin kur\u015funlanmaya te\u015febb\u00fcs edilmesi ile 21 Nisan&#x27;da Zeytinburnu&#x27;nda bir araca y\u00f6nelik silahl\u0131 sald\u0131r\u0131y\u0131 ger\u00e7ekle\u015ftirdikleri belirlendi.<\/p>\n<p>Kimlikleri tespit edilen \u015f\u00fcphelilerin yakalanmas\u0131na y\u00f6nelik 28 Nisan&#x27;da \u0130stanbul ve Tekirda\u011f&#x27;da belirlenen evlere e\u015f zamanl\u0131 operasyon d\u00fczenlendi. Operasyonda 13 \u015f\u00fcpheli g\u00f6zalt\u0131na al\u0131nd\u0131. \u015e\u00fcphelilerin emniyetteki i\u015flemlerinin s\u00fcrd\u00fc\u011f\u00fc \u00f6\u011frenildi.<\/p>\n<p>T\u00fcrkiye g\u00fcndeminden son dakika haberleri, bug\u00fcn ya\u015fanan en son geli\u015fmeler, siyaset g\u00fcndeminden g\u00fcncel haberler ve b\u00fct\u00fcn son&#8230;<\/p>\n","protected":false},"excerpt":{"rendered":"<p>\u0130stanbul&#8217;da 5 ayr\u0131 silahl\u0131 sald\u0131r\u0131y\u0131 ger\u00e7ekle\u015ftirdi\u011fi belirlenen 13 \u015f\u00fcpheli, \u0130stanbul ve Tekirda\u011f&#8217;da d\u00fczenlenen operasyonlarla g\u00f6zalt\u0131na al\u0131nd\u0131. \u00d6rg\u00fct&#8230;<\/p>\n","protected":false},"author":2,"featured_media":29863,"comment_status":"open","ping_status":"open","sticky":false,"template":"","format":"standard","meta":{"footnotes":""},"categories":[8,6,5],"tags":[],"class_list":["post-29864","post","type-post","status-publish","format-standard","has-post-thumbnail","hentry","category-arsiv","category-gundem","category-son-dakika"],"_links":{"self":[{"href":"https:\/\/eskigazeteci.com\/index.php?rest_route=\/wp\/v2\/posts\/29864","targetHints":{"allow":["GET"]}}],"collection":[{"href":"https:\/\/eskigazeteci.com\/index.php?rest_route=\/wp\/v2\/posts"}],"about":[{"href":"https:\/\/eskigazeteci.com\/index.php?rest_route=\/wp\/v2\/types\/post"}],"author":[{"embeddable":true,"href":"https:\/\/eskigazeteci.com\/index.php?rest_route=\/wp\/v2\/users\/2"}],"replies":[{"embeddable":true,"href":"https:\/\/eskigazeteci.com\/index.php?rest_route=%2Fwp%2Fv2%2Fcomments&post=29864"}],"version-history":[{"count":0,"href":"https:\/\/eskigazeteci.com\/index.php?rest_route=\/wp\/v2\/posts\/29864\/revisions"}],"wp:featuredmedia":[{"embeddable":true,"href":"https:\/\/eskigazeteci.com\/index.php?rest_route=\/wp\/v2\/media\/29863"}],"wp:attachment":[{"href":"https:\/\/eskigazeteci.com\/index.php?rest_route=%2Fwp%2Fv2%2Fmedia&parent=29864"}],"wp:term":[{"taxonomy":"category","embeddable":true,"href":"https:\/\/eskigazeteci.com\/index.php?rest_route=%2Fwp%2Fv2%2Fcategories&post=29864"},{"taxonomy":"post_tag","embeddable":true,"href":"https:\/\/eskigazeteci.com\/index.php?rest_route=%2Fwp%2Fv2%2Ftags&post=29864"}],"curies":[{"name":"wp","href":"https:\/\/api.w.org\/{rel}","templated":true}]}}