{"id":29848,"date":"2026-04-28T06:13:43","date_gmt":"2026-04-28T06:13:43","guid":{"rendered":"https:\/\/eskigazeteci.com\/?p=29848"},"modified":"2026-04-28T06:13:43","modified_gmt":"2026-04-28T06:13:43","slug":"ceren-benderlioglu-hayalini-kurdugum-projenin-icindeyim","status":"publish","type":"post","link":"https:\/\/eskigazeteci.com\/?p=29848","title":{"rendered":"Ceren Benderlio\u011flu: Hayalini kurdu\u011fum projenin i\u00e7indeyim"},"content":{"rendered":"<p>Oyuncu, hayalini kurdu\u011fu projede yer alman\u0131n mutlulu\u011funu ya\u015fad\u0131\u011f\u0131n\u0131 s\u00f6yledi:<\/p>\n<p>\u201cE\u015fref R\u00fcya , herkesin g\u00fczel bir \u015feyler ortaya koymak istedi\u011fi bir ekip i\u015fi. San\u0131r\u0131m bir yerlerde bunun hayalini kurmu\u015fum; i\u015fini keyifle yapan, birbirini destekleyen ve ba\u015farman\u0131n mutlulu\u011funu birlikte ya\u015fayan kocaman bir ekip. \u00c7ok \u015f\u00fck\u00fcr.\u201d<\/p>\n<p>Irmak karakterini \u201cKendisini, sevdikleri zarar g\u00f6rmesin diye feda edebilecek biri\u201d olarak tan\u0131mlayan Benderlio\u011flu, \u201cIrmak\u2019\u0131n hik\u00e2yesinin son sayfas\u0131n\u0131 yazsayd\u0131n\u0131z; huzurlu bir emeklili\u011fe mi ayr\u0131lmas\u0131n\u0131 isterdiniz, yoksa herkesi \u015fa\u015f\u0131rtacak b\u00fcy\u00fck bir olayla veda etmesini mi?\u201d sorusunu da \u015f\u00f6yle yan\u0131tlad\u0131:<\/p>\n<p>\u201cHerkesi \u015fa\u015f\u0131rtarak, b\u00fcy\u00fck bir olayla veda etmesini isterdim. Son sahnesi g\u00fc\u00e7l\u00fc olan, ger\u00e7ek bir veda.\u201d T\u0130MSB\u0130 imzal\u0131 \u2018 E\u015fref R\u00fcya \u2019 \u00e7ar\u015famba ak\u015famlar\u0131 Kanal D \u2019de ekrana geliyor.<\/p>\n<p>T\u00fcrkiye&#x27;den ve D\u00fcnya\u2019dan son dakika haberleri, k\u00f6\u015fe yaz\u0131lar\u0131, magazinden siyasete, spordan seyahate b\u00fct\u00fcn konular\u0131n tek adresi Hurriyet.com.tr haber i\u00e7erikleri izin al\u0131nmadan, kaynak g\u00f6sterilerek dahi iktibas edilemez. Kanuna ayk\u0131r\u0131 ve izinsiz olarak kopyalanamaz, ba\u015fka yerde yay\u0131nlanamaz.<\/p>\n","protected":false},"excerpt":{"rendered":"<p>Kanal D\u2019nin sevilen dizisi \u2018E\u015fref R\u00fcya\u2019da Irmak karakterini canland\u0131ran Ceren Benderlio\u011flu, MAG Dergisi\u2019nin nisan say\u0131s\u0131na r\u00f6portaj verdi.<\/p>\n","protected":false},"author":2,"featured_media":29847,"comment_status":"open","ping_status":"open","sticky":false,"template":"","format":"standard","meta":{"footnotes":""},"categories":[8,6,5],"tags":[],"class_list":["post-29848","post","type-post","status-publish","format-standard","has-post-thumbnail","hentry","category-arsiv","category-gundem","category-son-dakika"],"_links":{"self":[{"href":"https:\/\/eskigazeteci.com\/index.php?rest_route=\/wp\/v2\/posts\/29848","targetHints":{"allow":["GET"]}}],"collection":[{"href":"https:\/\/eskigazeteci.com\/index.php?rest_route=\/wp\/v2\/posts"}],"about":[{"href":"https:\/\/eskigazeteci.com\/index.php?rest_route=\/wp\/v2\/types\/post"}],"author":[{"embeddable":true,"href":"https:\/\/eskigazeteci.com\/index.php?rest_route=\/wp\/v2\/users\/2"}],"replies":[{"embeddable":true,"href":"https:\/\/eskigazeteci.com\/index.php?rest_route=%2Fwp%2Fv2%2Fcomments&post=29848"}],"version-history":[{"count":0,"href":"https:\/\/eskigazeteci.com\/index.php?rest_route=\/wp\/v2\/posts\/29848\/revisions"}],"wp:featuredmedia":[{"embeddable":true,"href":"https:\/\/eskigazeteci.com\/index.php?rest_route=\/wp\/v2\/media\/29847"}],"wp:attachment":[{"href":"https:\/\/eskigazeteci.com\/index.php?rest_route=%2Fwp%2Fv2%2Fmedia&parent=29848"}],"wp:term":[{"taxonomy":"category","embeddable":true,"href":"https:\/\/eskigazeteci.com\/index.php?rest_route=%2Fwp%2Fv2%2Fcategories&post=29848"},{"taxonomy":"post_tag","embeddable":true,"href":"https:\/\/eskigazeteci.com\/index.php?rest_route=%2Fwp%2Fv2%2Ftags&post=29848"}],"curies":[{"name":"wp","href":"https:\/\/api.w.org\/{rel}","templated":true}]}}