{"id":29846,"date":"2026-04-28T06:03:46","date_gmt":"2026-04-28T06:03:46","guid":{"rendered":"https:\/\/eskigazeteci.com\/?p=29846"},"modified":"2026-04-28T06:03:46","modified_gmt":"2026-04-28T06:03:46","slug":"bir-zamanlar-dizi-setinden-film-setine-kosuyordu-tavuklarin-yumurtasi-kuzularin-tuyu-gelir-kapisi-oldu-sonunda-bal-isine-de-girdi","status":"publish","type":"post","link":"https:\/\/eskigazeteci.com\/?p=29846","title":{"rendered":"Bir zamanlar dizi setinden film setine ko\u015fuyordu: Tavuklar\u0131n yumurtas\u0131, kuzular\u0131n t\u00fcy\u00fc gelir kap\u0131s\u0131 oldu&#8230; Sonunda bal i\u015fine de girdi"},"content":{"rendered":"<p>Bu \u00fcnl\u00fclerin, i\u00e7inde her t\u00fcr konfor bar\u0131nd\u0131ran \u00e7iftliklerinde ya\u015famalar\u0131, oralarda sebze ve meyve yeti\u015ftirip hayvan beslemeleri bo\u015funa de\u011fil.<\/p>\n<p>\u00dcstelik bunun i\u00e7in bir ya\u015f s\u0131n\u0131rlamas\u0131 da yok. Ya\u015fl\u0131s\u0131ndan gencine bir\u00e7ok \u00fcnl\u00fc do\u011fal ya\u015fama y\u00f6neldi.<\/p>\n<p>\u00dcNE KAVU\u015eTU\u011eU MESLE\u011e\u0130YLE ARASINA MESAFE KOYDU \u0130\u015fte bunlardan biri de bir d\u00f6nemin en \u00fcnl\u00fc model ve oyuncular\u0131ndan biri olan Isabella Rossellini\u2026<\/p>\n<p>Sinemaya damgas\u0131n\u0131 vuran \u0130sve\u00e7li oyuncu Ingrid Bergman ile \u0130talyan y\u00f6netmen Roberto Rossellini&#x27;nin k\u0131z\u0131 olan Isabella, uzun y\u0131llar podyumda ve sinemada kelimenin tam anlam\u0131yla f\u0131rt\u0131na gibi esti.<\/p>\n<p>Sonra g\u00fcn\u00fc geldi, usul usul geri \u00e7ekilmeye ba\u015flad\u0131. Bug\u00fcn 73 ya\u015f\u0131nda olan Rossellini, mesle\u011finden tam olarak elini ete\u011fini \u00e7ekmi\u015f de\u011fil.<\/p>\n<p>Ama son d\u00f6nemde bamba\u015fka bir alana yo\u011funla\u015ft\u0131.<\/p>\n<p>New York, Long Island&#x27;da Mama Farm (Anne \u00c7iftli\u011fi) ad\u0131nda bir \u00e7iftlik kurdu ve i\u015fletmeye ba\u015flad\u0131.<\/p>\n<p>SADECE KEY\u0130F \u00c7ATMIYOR&#8230; DURUP D\u0130NLENMEDEN \u00c7ALI\u015eIYOR K\u0131z\u0131 Elettra Wiedemann ile birlikte i\u015fletti\u011fi \u00e7iftli\u011finde de sadece do\u011fan\u0131n keyfini \u00e7\u0131karm\u0131yor Rossellini.<\/p>\n<p>Her ne kadar y\u0131llard\u0131r s\u00fcrd\u00fcrd\u00fc\u011f\u00fc kariyeri s\u0131ras\u0131nda yeteri kadar birimim yapm\u0131\u015f olsa da yine de bu hayat tarz\u0131n\u0131 ayn\u0131 zamanda bir i\u015f giri\u015fimi olarak da&#8230;<\/p>\n","protected":false},"excerpt":{"rendered":"<p>G\u00f6steri d\u00fcnyas\u0131n\u0131n nice \u00fcnl\u00fcs\u00fc \u00f6zellikle de son zamanlarda kendini do\u011fan\u0131n kollar\u0131na atmay\u0131 tercih ediyor. P\u0131r\u0131lt\u0131l\u0131 d\u00fcnyadaki i\u015flerinden elde ettikleri&#8230;<\/p>\n","protected":false},"author":2,"featured_media":29845,"comment_status":"open","ping_status":"open","sticky":false,"template":"","format":"standard","meta":{"footnotes":""},"categories":[8,6,5],"tags":[],"class_list":["post-29846","post","type-post","status-publish","format-standard","has-post-thumbnail","hentry","category-arsiv","category-gundem","category-son-dakika"],"_links":{"self":[{"href":"https:\/\/eskigazeteci.com\/index.php?rest_route=\/wp\/v2\/posts\/29846","targetHints":{"allow":["GET"]}}],"collection":[{"href":"https:\/\/eskigazeteci.com\/index.php?rest_route=\/wp\/v2\/posts"}],"about":[{"href":"https:\/\/eskigazeteci.com\/index.php?rest_route=\/wp\/v2\/types\/post"}],"author":[{"embeddable":true,"href":"https:\/\/eskigazeteci.com\/index.php?rest_route=\/wp\/v2\/users\/2"}],"replies":[{"embeddable":true,"href":"https:\/\/eskigazeteci.com\/index.php?rest_route=%2Fwp%2Fv2%2Fcomments&post=29846"}],"version-history":[{"count":0,"href":"https:\/\/eskigazeteci.com\/index.php?rest_route=\/wp\/v2\/posts\/29846\/revisions"}],"wp:featuredmedia":[{"embeddable":true,"href":"https:\/\/eskigazeteci.com\/index.php?rest_route=\/wp\/v2\/media\/29845"}],"wp:attachment":[{"href":"https:\/\/eskigazeteci.com\/index.php?rest_route=%2Fwp%2Fv2%2Fmedia&parent=29846"}],"wp:term":[{"taxonomy":"category","embeddable":true,"href":"https:\/\/eskigazeteci.com\/index.php?rest_route=%2Fwp%2Fv2%2Fcategories&post=29846"},{"taxonomy":"post_tag","embeddable":true,"href":"https:\/\/eskigazeteci.com\/index.php?rest_route=%2Fwp%2Fv2%2Ftags&post=29846"}],"curies":[{"name":"wp","href":"https:\/\/api.w.org\/{rel}","templated":true}]}}