{"id":29840,"date":"2026-04-28T05:36:47","date_gmt":"2026-04-28T05:36:47","guid":{"rendered":"https:\/\/eskigazeteci.com\/?p=29840"},"modified":"2026-04-28T05:36:47","modified_gmt":"2026-04-28T05:36:47","slug":"psg-3","status":"publish","type":"post","link":"https:\/\/eskigazeteci.com\/?p=29840","title":{"rendered":"PSG"},"content":{"rendered":"<p>UEFA \u015eampiyonlar Ligi &#x27;nde yar\u0131 final heyecan\u0131 Paris Saint-Germain (PSG)-Bayern M\u00fcnih ma\u00e7\u0131 ile ba\u015fl\u0131yor. Her iki tak\u0131m da final yolunda psikolojik \u00fcst\u00fcnl\u00fck kurmak i\u00e7in sahaya \u00e7\u0131kacak. Peki, Peki, PSG Bayern M\u00fcnih ma\u00e7\u0131 ne zaman, saat ka\u00e7ta ve hangi kanalda? \u0130\u015fte detaylar&#8230;<\/p>\n<p>PSG &#8211; BAYERN M\u00dcN\u0130H MA\u00c7I NE ZAMAN, SAAT KA\u00c7TA, HANG\u0130 KANALDA?<\/p>\n<p>Paris Saint-Germain &#8211; Bayern M\u00fcnih ma\u00e7\u0131 28 Nisan Sal\u0131 saat 22.00&#x27;de ba\u015flayacak. Kar\u015f\u0131la\u015fma TRT 1 ekranlar\u0131ndan canl\u0131 olarak yay\u0131nlanacak.<\/p>\n<p>Atletico Madrid ise 29 Nisan \u00c7ar\u015famba g\u00fcn\u00fc 22.00&#x27;de Arsenal ile kar\u015f\u0131 kar\u015f\u0131ya gelecek.<\/p>\n<p>MUHTEMEL 11&#x27;LER<\/p>\n<p>PSG : Chevalier, Hakimi, Marquinhos, Pacho, Nuno Mendes, Vitinha, Warren Zaire-Emery, Joao Neves, Kvaratskhelia, Dembele, Barcola.<\/p>\n<p>Bayern M\u00fcnih : Neuer, Limer, Tah, Upamecano, Stanisic, Pavlovic, Kimmich, Olise, Musiala, Luis Diaz, Kane.<\/p>\n<p>T\u00fcrkiye&#x27;den ve D\u00fcnya\u2019dan son dakika haberleri, k\u00f6\u015fe yaz\u0131lar\u0131, magazinden siyasete, spordan seyahate b\u00fct\u00fcn konular\u0131n tek adresi Hurriyet.com.tr haber i\u00e7erikleri izin al\u0131nmadan, kaynak g\u00f6sterilerek dahi iktibas edilemez. Kanuna ayk\u0131r\u0131 ve izinsiz olarak kopyalanamaz, ba\u015fka yerde yay\u0131nlanamaz.<\/p>\n","protected":false},"excerpt":{"rendered":"<p>UEFA \u015eampiyonlar Ligi&#8217;nde yar\u0131 final heyecan\u0131 ba\u015fl\u0131yor. Avrupa futbolunun kul\u00fcp d\u00fczeyindeki bir numaral\u0131 organizasyonunda yar\u0131 final ilk ma\u00e7lar\u0131, bug\u00fcn ve 29&#8230;<\/p>\n","protected":false},"author":2,"featured_media":29839,"comment_status":"open","ping_status":"open","sticky":false,"template":"","format":"standard","meta":{"footnotes":""},"categories":[8,5,7],"tags":[],"class_list":["post-29840","post","type-post","status-publish","format-standard","has-post-thumbnail","hentry","category-arsiv","category-son-dakika","category-spor"],"_links":{"self":[{"href":"https:\/\/eskigazeteci.com\/index.php?rest_route=\/wp\/v2\/posts\/29840","targetHints":{"allow":["GET"]}}],"collection":[{"href":"https:\/\/eskigazeteci.com\/index.php?rest_route=\/wp\/v2\/posts"}],"about":[{"href":"https:\/\/eskigazeteci.com\/index.php?rest_route=\/wp\/v2\/types\/post"}],"author":[{"embeddable":true,"href":"https:\/\/eskigazeteci.com\/index.php?rest_route=\/wp\/v2\/users\/2"}],"replies":[{"embeddable":true,"href":"https:\/\/eskigazeteci.com\/index.php?rest_route=%2Fwp%2Fv2%2Fcomments&post=29840"}],"version-history":[{"count":0,"href":"https:\/\/eskigazeteci.com\/index.php?rest_route=\/wp\/v2\/posts\/29840\/revisions"}],"wp:featuredmedia":[{"embeddable":true,"href":"https:\/\/eskigazeteci.com\/index.php?rest_route=\/wp\/v2\/media\/29839"}],"wp:attachment":[{"href":"https:\/\/eskigazeteci.com\/index.php?rest_route=%2Fwp%2Fv2%2Fmedia&parent=29840"}],"wp:term":[{"taxonomy":"category","embeddable":true,"href":"https:\/\/eskigazeteci.com\/index.php?rest_route=%2Fwp%2Fv2%2Fcategories&post=29840"},{"taxonomy":"post_tag","embeddable":true,"href":"https:\/\/eskigazeteci.com\/index.php?rest_route=%2Fwp%2Fv2%2Ftags&post=29840"}],"curies":[{"name":"wp","href":"https:\/\/api.w.org\/{rel}","templated":true}]}}