{"id":29838,"date":"2026-04-28T05:35:14","date_gmt":"2026-04-28T05:35:14","guid":{"rendered":"https:\/\/eskigazeteci.com\/?p=29838"},"modified":"2026-04-28T05:35:14","modified_gmt":"2026-04-28T05:35:14","slug":"cansever-5-hafta-sonra-disari-cikti","status":"publish","type":"post","link":"https:\/\/eskigazeteci.com\/?p=29838","title":{"rendered":"Cansever 5 hafta sonra d\u0131\u015far\u0131 \u00e7\u0131kt\u0131"},"content":{"rendered":"<p>Sanat\u00e7\u0131, d\u00fcn payla\u015ft\u0131\u011f\u0131 videoda sevenlerine \u015f\u00f6yle seslendi:<\/p>\n<p>\u201cBug\u00fcn hava \u00e7ok g\u00fczel Almanya\u2019da ve ilk defa d\u0131\u015far\u0131 \u00e7\u0131k\u0131yorum 5 hafta sonra. Bana dua eden herkese \u00e7ok te\u015fekk\u00fcr ediyorum. \u0130n\u015fallah en k\u0131sa zamanda yine g\u00f6r\u00fc\u015f\u00fcr\u00fcz. Dualar\u0131n\u0131z\u0131 eksik etmeyin.\u201d<\/p>\n<p>T\u00fcrkiye&#x27;den ve D\u00fcnya\u2019dan son dakika haberleri, k\u00f6\u015fe yaz\u0131lar\u0131, magazinden siyasete, spordan seyahate b\u00fct\u00fcn konular\u0131n tek adresi Hurriyet.com.tr haber i\u00e7erikleri izin al\u0131nmadan, kaynak g\u00f6sterilerek dahi iktibas edilemez. Kanuna ayk\u0131r\u0131 ve izinsiz olarak kopyalanamaz, ba\u015fka yerde yay\u0131nlanamaz.<\/p>\n","protected":false},"excerpt":{"rendered":"<p>Almanya\u2019da l\u00f6semi tedavisi g\u00f6ren ve 1 ay \u00f6nce ilik nakli operasyonu ge\u00e7iren Cansever, uzun zaman sonra hastaneden d\u0131\u015far\u0131 \u00e7\u0131kt\u0131.<\/p>\n","protected":false},"author":2,"featured_media":29837,"comment_status":"open","ping_status":"open","sticky":false,"template":"","format":"standard","meta":{"footnotes":""},"categories":[8,6,5],"tags":[],"class_list":["post-29838","post","type-post","status-publish","format-standard","has-post-thumbnail","hentry","category-arsiv","category-gundem","category-son-dakika"],"_links":{"self":[{"href":"https:\/\/eskigazeteci.com\/index.php?rest_route=\/wp\/v2\/posts\/29838","targetHints":{"allow":["GET"]}}],"collection":[{"href":"https:\/\/eskigazeteci.com\/index.php?rest_route=\/wp\/v2\/posts"}],"about":[{"href":"https:\/\/eskigazeteci.com\/index.php?rest_route=\/wp\/v2\/types\/post"}],"author":[{"embeddable":true,"href":"https:\/\/eskigazeteci.com\/index.php?rest_route=\/wp\/v2\/users\/2"}],"replies":[{"embeddable":true,"href":"https:\/\/eskigazeteci.com\/index.php?rest_route=%2Fwp%2Fv2%2Fcomments&post=29838"}],"version-history":[{"count":0,"href":"https:\/\/eskigazeteci.com\/index.php?rest_route=\/wp\/v2\/posts\/29838\/revisions"}],"wp:featuredmedia":[{"embeddable":true,"href":"https:\/\/eskigazeteci.com\/index.php?rest_route=\/wp\/v2\/media\/29837"}],"wp:attachment":[{"href":"https:\/\/eskigazeteci.com\/index.php?rest_route=%2Fwp%2Fv2%2Fmedia&parent=29838"}],"wp:term":[{"taxonomy":"category","embeddable":true,"href":"https:\/\/eskigazeteci.com\/index.php?rest_route=%2Fwp%2Fv2%2Fcategories&post=29838"},{"taxonomy":"post_tag","embeddable":true,"href":"https:\/\/eskigazeteci.com\/index.php?rest_route=%2Fwp%2Fv2%2Ftags&post=29838"}],"curies":[{"name":"wp","href":"https:\/\/api.w.org\/{rel}","templated":true}]}}