{"id":29836,"date":"2026-04-28T05:33:40","date_gmt":"2026-04-28T05:33:40","guid":{"rendered":"https:\/\/eskigazeteci.com\/?p=29836"},"modified":"2026-04-28T05:33:40","modified_gmt":"2026-04-28T05:33:40","slug":"babama-gonul-borcum-var","status":"publish","type":"post","link":"https:\/\/eskigazeteci.com\/?p=29836","title":{"rendered":"Babama g\u00f6n\u00fcl borcum var!"},"content":{"rendered":"<p>KIZINDAN D\u0130NLEMEK \u0130STED\u0130<\/p>\n<p>Alternatif pop m\u00fczi\u011fin \u00fcretken isimlerinden Ceylan Ertem , \u201cBabam\u0131n \u0130stek \u015eark\u0131lar\u0131\u201d adl\u0131 yeni alb\u00fcm\u00fcn\u00fc dinleyicileriyle bulu\u015fturdu. Sanat\u00e7\u0131, \u00e7al\u0131\u015fmada kamyon \u015fof\u00f6r\u00fc olan babas\u0131 Talat Ertem \u2019in en sevdi\u011fi ve y\u0131llard\u0131r kendisinden dinlemek istedi\u011fi arabesk \u015fark\u0131larla T\u00fcrk sanat m\u00fczi\u011fi eserlerine yer verdi:<\/p>\n<p>D\u0130REKS\u0130YON BA\u015eINDA B\u0130R \u00d6M\u00dcR<\/p>\n<p>\u201cDireksiyon ba\u015f\u0131nda ge\u00e7en bir \u00f6m\u00fcr; sab\u0131rla, emekle, yaln\u0131zl\u0131kla yo\u011frulmu\u015f. Bu alb\u00fcm; bir kamyonun i\u00e7inde, geceyle sabah aras\u0131nda, radyodan ve kasetlerden akan \u015fark\u0131larla bizi doyuran, bizi \u00f6zleyen, hayallerimi her zaman omuzlar\u0131nda ta\u015f\u0131m\u0131\u015f olan babama bir g\u00f6n\u00fcl borcu, bir te\u015fekk\u00fcrd\u00fcr.\u201d<\/p>\n<p>\u00c7\u0131k\u0131\u015f \u015fark\u0131s\u0131 Ferdi \u00d6zbe\u011fen klasi\u011fi<\/p>\n<p>Alb\u00fcmde \u201cBir G\u00fcl\u00fc Sevdim\u201d, \u201cYedin Beni\u201d, \u201cAyaz Geceler\u201d, \u201cKimbilir\u201d ve \u201cDokunmay\u0131n Bana\u201d \u015fark\u0131lar\u0131na yer verildi. \u00c7\u0131k\u0131\u015f \u015fark\u0131s\u0131, Ferdi \u00d6zbe\u011fen klasi\u011fi \u201cBir G\u00fcl\u00fc Sevdim\u201d oldu.<\/p>\n<p>T\u00fcrkiye&#x27;den ve D\u00fcnya\u2019dan son dakika haberleri, k\u00f6\u015fe yaz\u0131lar\u0131, magazinden siyasete, spordan seyahate b\u00fct\u00fcn konular\u0131n tek adresi Hurriyet.com.tr haber i\u00e7erikleri izin al\u0131nmadan, kaynak g\u00f6sterilerek dahi iktibas edilemez. Kanuna ayk\u0131r\u0131 ve izinsiz olarak kopyalanamaz, ba\u015fka yerde yay\u0131nlanamaz.<\/p>\n","protected":false},"excerpt":{"rendered":"<p>Ceylan Ertem, kamyon \u015fof\u00f6r\u00fc olan babas\u0131n\u0131n kendisinden dinlemek istedi\u011fi \u015fark\u0131larla bir alb\u00fcm haz\u0131rlad\u0131. Sanat\u00e7\u0131, \u201cBabam\u0131n \u0130stek \u015eark\u0131lar\u0131\u201d adl\u0131 \u00e7al\u0131\u015fmay\u0131&#8230;<\/p>\n","protected":false},"author":2,"featured_media":29835,"comment_status":"open","ping_status":"open","sticky":false,"template":"","format":"standard","meta":{"footnotes":""},"categories":[8,6,5],"tags":[],"class_list":["post-29836","post","type-post","status-publish","format-standard","has-post-thumbnail","hentry","category-arsiv","category-gundem","category-son-dakika"],"_links":{"self":[{"href":"https:\/\/eskigazeteci.com\/index.php?rest_route=\/wp\/v2\/posts\/29836","targetHints":{"allow":["GET"]}}],"collection":[{"href":"https:\/\/eskigazeteci.com\/index.php?rest_route=\/wp\/v2\/posts"}],"about":[{"href":"https:\/\/eskigazeteci.com\/index.php?rest_route=\/wp\/v2\/types\/post"}],"author":[{"embeddable":true,"href":"https:\/\/eskigazeteci.com\/index.php?rest_route=\/wp\/v2\/users\/2"}],"replies":[{"embeddable":true,"href":"https:\/\/eskigazeteci.com\/index.php?rest_route=%2Fwp%2Fv2%2Fcomments&post=29836"}],"version-history":[{"count":0,"href":"https:\/\/eskigazeteci.com\/index.php?rest_route=\/wp\/v2\/posts\/29836\/revisions"}],"wp:featuredmedia":[{"embeddable":true,"href":"https:\/\/eskigazeteci.com\/index.php?rest_route=\/wp\/v2\/media\/29835"}],"wp:attachment":[{"href":"https:\/\/eskigazeteci.com\/index.php?rest_route=%2Fwp%2Fv2%2Fmedia&parent=29836"}],"wp:term":[{"taxonomy":"category","embeddable":true,"href":"https:\/\/eskigazeteci.com\/index.php?rest_route=%2Fwp%2Fv2%2Fcategories&post=29836"},{"taxonomy":"post_tag","embeddable":true,"href":"https:\/\/eskigazeteci.com\/index.php?rest_route=%2Fwp%2Fv2%2Ftags&post=29836"}],"curies":[{"name":"wp","href":"https:\/\/api.w.org\/{rel}","templated":true}]}}