{"id":29834,"date":"2026-04-28T05:23:39","date_gmt":"2026-04-28T05:23:39","guid":{"rendered":"https:\/\/eskigazeteci.com\/?p=29834"},"modified":"2026-04-28T05:23:39","modified_gmt":"2026-04-28T05:23:39","slug":"iran-ve-abd-icin-karar-ani-yaklasiyor-beyaz-saray-kritik-gorusmeyi-duyurdu-iranin-teklifine-trumptan-ilk-tepki-2","status":"publish","type":"post","link":"https:\/\/eskigazeteci.com\/?p=29834","title":{"rendered":"\u0130ran ve ABD i\u00e7in karar an\u0131 yakla\u015f\u0131yor: Beyaz Saray kritik g\u00f6r\u00fc\u015fmeyi duyurdu! \u0130ran&#8217;\u0131n teklifine Trump&#8217;tan ilk tepki"},"content":{"rendered":"<p>\u0130ran ve ABD i\u00e7in karar an\u0131 yakla\u015f\u0131yor: Beyaz Saray kritik g\u00f6r\u00fc\u015fmeyi duyurdu! \u0130ran&#x27;\u0131n teklifine Trump&#x27;tan ilk tepki<\/p>\n<p>ABD bas\u0131n\u0131n\u0131n h\u00fck\u00fcmet kaynaklar\u0131na dayand\u0131rd\u0131\u011f\u0131 habere g\u00f6re; Trump\u2019\u0131n \u0130ran\u2019\u0131n teklifini Tahran\u2019\u0131n n\u00fckleer program\u0131na de\u011finmedi\u011fi gerek\u00e7esiyle be\u011fenmedi\u011fi iddia edildi. Haberde, bir yetkilinin Trump hakk\u0131nda &quot;Teklifi pek sevmedi&quot; dedi\u011fi kaydedildi.<\/p>\n<p>\u0130ran , n\u00fckleer program\u0131 ile ilgili m\u00fczakerelerin gelecekteki bir tarihte yap\u0131lmas\u0131 \u015fart\u0131yla H\u00fcrm\u00fcz Bo\u011faz\u0131 &#x27;n\u0131 yeniden a\u00e7mak ve sava\u015f\u0131 sona erdirmek i\u00e7in ABD &#x27;ye yeni bir teklif iletmi\u015fti. Beyaz Saray S\u00f6zc\u00fcs\u00fc Karoline Leavitt yeni teklifi do\u011frulayarak, Trump&#x27;\u0131n \u0130ran\u2019\u0131n teklifini \u00fcst d\u00fczey ulusal g\u00fcvenlik dan\u0131\u015fmanlar\u0131yla g\u00f6r\u00fc\u015ft\u00fc\u011f\u00fcn\u00fc s\u00f6ylemi\u015fti.<\/p>\n<p>\u0130ran D\u0131\u015fi\u015fleri Bakanl\u0131\u011f\u0131 S\u00f6zc\u00fcs\u00fc \u0130smail Bekayi, Avrupa Birli\u011fi (AB) Komisyonu Ba\u015fkan\u0131 Ursula von der Leyen\u2019in, \u0130ran\u2019a y\u00f6nelik yapt\u0131r\u0131mlar\u0131n hen\u00fcz kald\u0131r\u0131lmamas\u0131 gerekti\u011fi y\u00f6n\u00fcndeki a\u00e7\u0131klamalar\u0131na tepki g\u00f6sterdi. Bekayi, yapt\u0131\u011f\u0131 payla\u015f\u0131mda, \u201cAvrupa Birli\u011fi&#x27;nin \u0130ran&#x27;a kar\u015f\u0131 insanl\u0131k d\u0131\u015f\u0131 yapt\u0131r\u0131mlar\u0131 asla insan haklar\u0131 ile ilgili de\u011fil. Bu yapt\u0131r\u0131mlar s\u0131radan \u0130ranl\u0131lar\u0131n temel haklar\u0131n\u0131 \u00e7i\u011fnemek i\u00e7in tasarland\u0131. Kimse bu modas\u0131 ge\u00e7mi\u015f ahlak tiyatrosunu dikkate almaz.\u201d ifadelerini&#8230;<\/p>\n","protected":false},"excerpt":{"rendered":"<p>Son dakika \u0130ran-ABD-\u0130srail sava\u015f\u0131 haberleri&#8230; Beyaz Saray, ABD Ba\u015fkan\u0131 Donald Trump&#8217;\u0131n ulusal g\u00fcvenlik ekibiyle \u0130ran&#8217;\u0131n pazartesi g\u00fcn\u00fc sundu\u011fu teklif&#8230;<\/p>\n","protected":false},"author":2,"featured_media":29833,"comment_status":"open","ping_status":"open","sticky":false,"template":"","format":"standard","meta":{"footnotes":""},"categories":[8,6,5],"tags":[],"class_list":["post-29834","post","type-post","status-publish","format-standard","has-post-thumbnail","hentry","category-arsiv","category-gundem","category-son-dakika"],"_links":{"self":[{"href":"https:\/\/eskigazeteci.com\/index.php?rest_route=\/wp\/v2\/posts\/29834","targetHints":{"allow":["GET"]}}],"collection":[{"href":"https:\/\/eskigazeteci.com\/index.php?rest_route=\/wp\/v2\/posts"}],"about":[{"href":"https:\/\/eskigazeteci.com\/index.php?rest_route=\/wp\/v2\/types\/post"}],"author":[{"embeddable":true,"href":"https:\/\/eskigazeteci.com\/index.php?rest_route=\/wp\/v2\/users\/2"}],"replies":[{"embeddable":true,"href":"https:\/\/eskigazeteci.com\/index.php?rest_route=%2Fwp%2Fv2%2Fcomments&post=29834"}],"version-history":[{"count":0,"href":"https:\/\/eskigazeteci.com\/index.php?rest_route=\/wp\/v2\/posts\/29834\/revisions"}],"wp:featuredmedia":[{"embeddable":true,"href":"https:\/\/eskigazeteci.com\/index.php?rest_route=\/wp\/v2\/media\/29833"}],"wp:attachment":[{"href":"https:\/\/eskigazeteci.com\/index.php?rest_route=%2Fwp%2Fv2%2Fmedia&parent=29834"}],"wp:term":[{"taxonomy":"category","embeddable":true,"href":"https:\/\/eskigazeteci.com\/index.php?rest_route=%2Fwp%2Fv2%2Fcategories&post=29834"},{"taxonomy":"post_tag","embeddable":true,"href":"https:\/\/eskigazeteci.com\/index.php?rest_route=%2Fwp%2Fv2%2Ftags&post=29834"}],"curies":[{"name":"wp","href":"https:\/\/api.w.org\/{rel}","templated":true}]}}