{"id":29832,"date":"2026-04-28T05:08:15","date_gmt":"2026-04-28T05:08:15","guid":{"rendered":"https:\/\/eskigazeteci.com\/?p=29832"},"modified":"2026-04-28T05:08:15","modified_gmt":"2026-04-28T05:08:15","slug":"halfeti-belediyesine-operasyon-eski-belediye-baskani-seref-albayrak-dahil-29-kisi-tutuklandi","status":"publish","type":"post","link":"https:\/\/eskigazeteci.com\/?p=29832","title":{"rendered":"Halfeti Belediyesi&#8217;ne operasyon: Eski Belediye Ba\u015fkan\u0131 \u015eeref Albayrak dahil 29 ki\u015fi tutukland\u0131"},"content":{"rendered":"<p>\u015eanl\u0131urfa Emniyet M\u00fcd\u00fcrl\u00fc\u011f\u00fc Ka\u00e7ak\u00e7\u0131l\u0131k ve Organize Su\u00e7larla M\u00fccadele \u015eubesi ekiplerince, Birecik Cumhuriyet Ba\u015fsavc\u0131l\u0131\u011f\u0131 koordinesinde 24 Nisan&#x27;da d\u00fczenlenen operasyonda g\u00f6zalt\u0131na al\u0131nan, aralar\u0131nda eski Halfeti Belediye Ba\u015fkan\u0131 Albayrak, eski belediye enc\u00fcmen \u00fcyeleri ile \u00e7e\u015fitli birimlerde g\u00f6rev yapan personel ve esnaf\u0131n da bulundu\u011fu 46 zanl\u0131n\u0131n adliyedeki i\u015flemleri tamamland\u0131.<\/p>\n<p>Aralar\u0131nda Albayrak&#x27;\u0131n da bulundu\u011fu 29 \u015f\u00fcpheli tutukland\u0131. 17 \u015f\u00fcpheliden 3&#x27;\u00fc serbest b\u0131rak\u0131l\u0131rken, 14&#x27;\u00fc ise adli kontrol \u015fart\u0131yla sal\u0131verildi.<\/p>\n<p>Halfeti Belediyesinin \u00f6nceki y\u00f6netim d\u00f6nemine ili\u015fkin &quot;su\u00e7 i\u015flemek amac\u0131yla \u00f6rg\u00fct kurma&quot; ve &quot;edimin ifas\u0131na fesat kar\u0131\u015ft\u0131rma&quot; su\u00e7lar\u0131na y\u00f6nelik 24 Nisan&#x27;da d\u00fczenlenen operasyonda 28&#x27;i kamu g\u00f6revlisi olmak \u00fczere toplam 51 \u015f\u00fcpheli hakk\u0131nda i\u015flem ba\u015flat\u0131lm\u0131\u015f, 50 zanl\u0131 g\u00f6zalt\u0131na al\u0131nm\u0131\u015f, 4&#x27;\u00fc emniyetteki ifadelerinin ard\u0131ndan serbest b\u0131rak\u0131lm\u0131\u015ft\u0131.<\/p>\n<p>Soru\u015fturma kapsam\u0131nda bir \u015f\u00fcphelinin yakalanmas\u0131na y\u00f6nelik \u00e7al\u0131\u015fmalar devam ediyor.<\/p>\n<p>T\u00fcrkiye g\u00fcndeminden son dakika haberleri, bug\u00fcn ya\u015fanan en son geli\u015fmeler, siyaset g\u00fcndeminden g\u00fcncel haberler ve b\u00fct\u00fcn son dakika haberleri i\u00e7in H\u00fcrriyet&#x27;in internet haber sitesi hurriyet.com.tr; Hurriyet.com.tr haber i\u00e7erikleri kaynak&#8230;<\/p>\n","protected":false},"excerpt":{"rendered":"<p>\u015eanl\u0131urfa&#8217;da Halfeti Belediyesinin \u00f6nceki y\u00f6netim d\u00f6nemine ili\u015fkin su\u00e7 i\u015flemek amac\u0131yla \u00f6rg\u00fct kurma ve edimin ifas\u0131na fesat kar\u0131\u015ft\u0131rma su\u00e7lar\u0131na y\u00f6nelik&#8230;<\/p>\n","protected":false},"author":2,"featured_media":29831,"comment_status":"open","ping_status":"open","sticky":false,"template":"","format":"standard","meta":{"footnotes":""},"categories":[8,6,5],"tags":[],"class_list":["post-29832","post","type-post","status-publish","format-standard","has-post-thumbnail","hentry","category-arsiv","category-gundem","category-son-dakika"],"_links":{"self":[{"href":"https:\/\/eskigazeteci.com\/index.php?rest_route=\/wp\/v2\/posts\/29832","targetHints":{"allow":["GET"]}}],"collection":[{"href":"https:\/\/eskigazeteci.com\/index.php?rest_route=\/wp\/v2\/posts"}],"about":[{"href":"https:\/\/eskigazeteci.com\/index.php?rest_route=\/wp\/v2\/types\/post"}],"author":[{"embeddable":true,"href":"https:\/\/eskigazeteci.com\/index.php?rest_route=\/wp\/v2\/users\/2"}],"replies":[{"embeddable":true,"href":"https:\/\/eskigazeteci.com\/index.php?rest_route=%2Fwp%2Fv2%2Fcomments&post=29832"}],"version-history":[{"count":0,"href":"https:\/\/eskigazeteci.com\/index.php?rest_route=\/wp\/v2\/posts\/29832\/revisions"}],"wp:featuredmedia":[{"embeddable":true,"href":"https:\/\/eskigazeteci.com\/index.php?rest_route=\/wp\/v2\/media\/29831"}],"wp:attachment":[{"href":"https:\/\/eskigazeteci.com\/index.php?rest_route=%2Fwp%2Fv2%2Fmedia&parent=29832"}],"wp:term":[{"taxonomy":"category","embeddable":true,"href":"https:\/\/eskigazeteci.com\/index.php?rest_route=%2Fwp%2Fv2%2Fcategories&post=29832"},{"taxonomy":"post_tag","embeddable":true,"href":"https:\/\/eskigazeteci.com\/index.php?rest_route=%2Fwp%2Fv2%2Ftags&post=29832"}],"curies":[{"name":"wp","href":"https:\/\/api.w.org\/{rel}","templated":true}]}}