{"id":29828,"date":"2026-04-28T05:05:12","date_gmt":"2026-04-28T05:05:12","guid":{"rendered":"https:\/\/eskigazeteci.com\/?p=29828"},"modified":"2026-04-28T05:05:12","modified_gmt":"2026-04-28T05:05:12","slug":"sinem-kobal-kizlar-kenani-yumusatti-simdi-benden-daha-feminist","status":"publish","type":"post","link":"https:\/\/eskigazeteci.com\/?p=29828","title":{"rendered":"Sinem Kobal: K\u0131zlar Kenan\u2019\u0131 yumu\u015fatt\u0131, \u015fimdi benden daha feminist!"},"content":{"rendered":"<p>Sinem Kobal, Ahmet M\u00fcmtaz Taylan\u2019\u0131n sundu\u011fu \u2018Empati\u2019 program\u0131na konuk oldu. Meslekta\u015f\u0131 Kenan \u0130mirzal\u0131o\u011flu\u2019yla evli olan ve iki k\u0131z \u00e7ocu\u011fu bulunan \u00fcnl\u00fc oyuncu, annelik hakk\u0131nda konu\u015ftu: \u201cAnnelik bitmeyen bir ser\u00fcven, hem \u00e7ok zevk al\u0131yorum hem \u00e7ok zorlan\u0131yorum. Annelik tahmin edilemez bir duygu. Kafamda olu\u015fturmaya \u00e7al\u0131\u015f\u0131yordum ama b\u00fct\u00fcn bildiklerimi unuttu\u011fum bir his. Bilmedi\u011fim bir yerden geliyor. Seni b\u00fcy\u00fct\u00fcyor da, al\u0131p g\u00f6t\u00fcr\u00fcyor da. Kendinde \u00e7ok \u015fey ke\u015ffediyorsun.\u201d<\/p>\n<p>\u015e\u0130MD\u0130 BENDEN DAHA FEM\u0130N\u0130ST<\/p>\n<p>Sinem Kobal, \u201cK\u0131zlar\u0131n babas\u0131ndan memnun musun?\u201d sorusuna \u201cZaten vicdan\u0131na g\u00fcvendi\u011fim bir insan oldu\u011fu i\u00e7in, iyi bir baba olaca\u011f\u0131n\u0131 \u00fcmit ediyordum. \u00dcmidimin \u00fcst\u00fcnde \u00e7ok \u015f\u00fck\u00fcr\u201d yan\u0131t\u0131n\u0131 verdi. Oyuncu, Kenan \u0130mirzal\u0131o\u011flu\u2019nun baba olduktan sonra de\u011fi\u015fti\u011fini s\u00f6yledi: \u201cMaalesef \u00e7ocuklar s\u00f6z konusu olunca \u00e7o\u011fu \u015fey sanki kad\u0131n\u0131n \u00fczerindeymi\u015f gibi alg\u0131lan\u0131yor ama kesinlikle \u00f6yle de\u011fil. Bunun tamamen e\u015fit olmas\u0131 gerekiyor. Ben \u015fansl\u0131y\u0131m. Do\u011fum yolculu\u011fundan itibaren e\u015fim hep benim yan\u0131mdayd\u0131. Ve kendindeki de\u011fi\u015fimi g\u00f6r\u00fcyorum. K\u0131zlar\u0131n onun baz\u0131 k\u00f6\u015felerini \u00e7ok g\u00fczel yumu\u015fatt\u0131\u011f\u0131n\u0131 d\u00fc\u015f\u00fcn\u00fcyorum. Evin feministi benken, o \u015fu an benden daha feminist. Merhametli ve vicdan\u0131 \u00e7ok g\u00fc\u00e7l\u00fc bir adam&#8230;<\/p>\n","protected":false},"excerpt":{"rendered":"<p>Sinem Kobal, e\u015fi Kenan \u0130mirzal\u0131o\u011flu\u2019nun \u00e7ocuklar\u0131 d\u00fcnyaya geldikten sonra de\u011fi\u015fti\u011fini s\u00f6yledi: \u201cK\u0131zlar\u0131n onun baz\u0131 k\u00f6\u015felerini \u00e7ok g\u00fczel yumu\u015fatt\u0131\u011f\u0131n\u0131&#8230;<\/p>\n","protected":false},"author":2,"featured_media":29827,"comment_status":"open","ping_status":"open","sticky":false,"template":"","format":"standard","meta":{"footnotes":""},"categories":[8,6,5],"tags":[],"class_list":["post-29828","post","type-post","status-publish","format-standard","has-post-thumbnail","hentry","category-arsiv","category-gundem","category-son-dakika"],"_links":{"self":[{"href":"https:\/\/eskigazeteci.com\/index.php?rest_route=\/wp\/v2\/posts\/29828","targetHints":{"allow":["GET"]}}],"collection":[{"href":"https:\/\/eskigazeteci.com\/index.php?rest_route=\/wp\/v2\/posts"}],"about":[{"href":"https:\/\/eskigazeteci.com\/index.php?rest_route=\/wp\/v2\/types\/post"}],"author":[{"embeddable":true,"href":"https:\/\/eskigazeteci.com\/index.php?rest_route=\/wp\/v2\/users\/2"}],"replies":[{"embeddable":true,"href":"https:\/\/eskigazeteci.com\/index.php?rest_route=%2Fwp%2Fv2%2Fcomments&post=29828"}],"version-history":[{"count":0,"href":"https:\/\/eskigazeteci.com\/index.php?rest_route=\/wp\/v2\/posts\/29828\/revisions"}],"wp:featuredmedia":[{"embeddable":true,"href":"https:\/\/eskigazeteci.com\/index.php?rest_route=\/wp\/v2\/media\/29827"}],"wp:attachment":[{"href":"https:\/\/eskigazeteci.com\/index.php?rest_route=%2Fwp%2Fv2%2Fmedia&parent=29828"}],"wp:term":[{"taxonomy":"category","embeddable":true,"href":"https:\/\/eskigazeteci.com\/index.php?rest_route=%2Fwp%2Fv2%2Fcategories&post=29828"},{"taxonomy":"post_tag","embeddable":true,"href":"https:\/\/eskigazeteci.com\/index.php?rest_route=%2Fwp%2Fv2%2Ftags&post=29828"}],"curies":[{"name":"wp","href":"https:\/\/api.w.org\/{rel}","templated":true}]}}