{"id":29826,"date":"2026-04-28T05:03:38","date_gmt":"2026-04-28T05:03:38","guid":{"rendered":"https:\/\/eskigazeteci.com\/?p=29826"},"modified":"2026-04-28T05:03:38","modified_gmt":"2026-04-28T05:03:38","slug":"kus-oldugu-kral-babasi-ayagina-kadar-geldi-surgun-prense-yine-af-yok-kapilar-bir-kez-daha-yuzune-kapandi","status":"publish","type":"post","link":"https:\/\/eskigazeteci.com\/?p=29826","title":{"rendered":"K\u00fcs oldu\u011fu kral babas\u0131 aya\u011f\u0131na kadar geldi\u2026 S\u00fcrg\u00fcn prense yine af yok! Kap\u0131lar bir kez daha y\u00fcz\u00fcne kapand\u0131"},"content":{"rendered":"<p>Charles\u2019\u0131n haz\u0131r ABD\u2019ye gitmi\u015fken orada ya\u015fayan ve y\u0131llard\u0131r k\u00fcs oldu\u011fu \u201cs\u00fcrg\u00fcn\u201d o\u011flu Prens Harry\u2019yle g\u00f6r\u00fc\u015f\u00fcp g\u00f6r\u00fc\u015fmeyece\u011fi b\u00fcy\u00fck bir merak konusuydu.<\/p>\n<p>Ancak anla\u015f\u0131lan bu k\u00fcsl\u00fck bitsin isteyen Harry bir kez daha istedi\u011fini elde edemeyecek ve babas\u0131 tam da aya\u011f\u0131na kadar gelmi\u015f olmas\u0131na ra\u011fmen onunla g\u00f6r\u00fc\u015femeyecek.<\/p>\n<p>Prens Harry &#x27;nin k\u00fcresel politika hakk\u0131ndaki a\u00e7\u0131k s\u00f6zl\u00fc a\u00e7\u0131klamalar\u0131 ve ABD Ba\u015fkan\u0131 Donald Trump y\u00f6netimindeki ABD\u2019ye yapt\u0131\u011f\u0131 keskin \u00e7a\u011fr\u0131s\u0131 da dahil olmak \u00fczere, Kraliyet Ailesi ile gerilimleri derinle\u015ftirdi ve saray kaynaklar\u0131 bu m\u00fcdahalenin Kral Charles&#x27;\u0131n ABD ziyareti s\u0131ras\u0131nda o\u011fluyla g\u00f6r\u00fc\u015fmemesinin temel nedenlerinden biri oldu\u011funu s\u00f6yledi.<\/p>\n<p>41 ya\u015f\u0131ndaki Harry, bu yorumlar\u0131 Kiev&#x27;de yapt\u0131\u011f\u0131 s\u00fcrpriz bir konu\u015fmada, bir g\u00fcvenlik forumunda d\u00fcnya liderlerine ve askeri yetkililere hitap ederken yapt\u0131. Eski bir \u0130ngiliz Ordusu subay\u0131 olan Sussex D\u00fck\u00fc, bu platformu Rusya&#x27;n\u0131n Ukrayna&#x27;y\u0131 i\u015fgalini k\u0131namak ve hem Vladimir Putin&#x27;e hem de Trump&#x27;a do\u011frudan \u00e7a\u011fr\u0131da ve ele\u015ftiride bulunmak i\u00e7in kulland\u0131.<\/p>\n<p>Bu s\u00f6zler 77 ya\u015f\u0131ndaki Charles&#x27;\u0131n, 78 ya\u015f\u0131ndaki Krali\u00e7e Camilla ile birlikte ABD&#x27;ye yapaca\u011f\u0131 y\u00fcksek riskli devlet ziyaretinden hemen \u00f6nce geldi; gezi, \u00fclkenin Amerikan&#8230;<\/p>\n","protected":false},"excerpt":{"rendered":"<p>\u0130ngiltere Kral\u0131 Charles\u2019\u0131n tahta \u00e7\u0131kt\u0131ktan sonra ABD\u2019ye yapt\u0131\u011f\u0131 ilk ziyaret siyaset d\u00fcnyas\u0131n\u0131n g\u00f6zlerinin bu \u00f6nemli bulu\u015fmaya \u00e7evrilmesine yol a\u00e7t\u0131&#8230;.<\/p>\n","protected":false},"author":2,"featured_media":29825,"comment_status":"open","ping_status":"open","sticky":false,"template":"","format":"standard","meta":{"footnotes":""},"categories":[8,6,5],"tags":[],"class_list":["post-29826","post","type-post","status-publish","format-standard","has-post-thumbnail","hentry","category-arsiv","category-gundem","category-son-dakika"],"_links":{"self":[{"href":"https:\/\/eskigazeteci.com\/index.php?rest_route=\/wp\/v2\/posts\/29826","targetHints":{"allow":["GET"]}}],"collection":[{"href":"https:\/\/eskigazeteci.com\/index.php?rest_route=\/wp\/v2\/posts"}],"about":[{"href":"https:\/\/eskigazeteci.com\/index.php?rest_route=\/wp\/v2\/types\/post"}],"author":[{"embeddable":true,"href":"https:\/\/eskigazeteci.com\/index.php?rest_route=\/wp\/v2\/users\/2"}],"replies":[{"embeddable":true,"href":"https:\/\/eskigazeteci.com\/index.php?rest_route=%2Fwp%2Fv2%2Fcomments&post=29826"}],"version-history":[{"count":0,"href":"https:\/\/eskigazeteci.com\/index.php?rest_route=\/wp\/v2\/posts\/29826\/revisions"}],"wp:featuredmedia":[{"embeddable":true,"href":"https:\/\/eskigazeteci.com\/index.php?rest_route=\/wp\/v2\/media\/29825"}],"wp:attachment":[{"href":"https:\/\/eskigazeteci.com\/index.php?rest_route=%2Fwp%2Fv2%2Fmedia&parent=29826"}],"wp:term":[{"taxonomy":"category","embeddable":true,"href":"https:\/\/eskigazeteci.com\/index.php?rest_route=%2Fwp%2Fv2%2Fcategories&post=29826"},{"taxonomy":"post_tag","embeddable":true,"href":"https:\/\/eskigazeteci.com\/index.php?rest_route=%2Fwp%2Fv2%2Ftags&post=29826"}],"curies":[{"name":"wp","href":"https:\/\/api.w.org\/{rel}","templated":true}]}}