{"id":29804,"date":"2026-04-28T04:38:12","date_gmt":"2026-04-28T04:38:12","guid":{"rendered":"https:\/\/eskigazeteci.com\/?p=29804"},"modified":"2026-04-28T04:38:12","modified_gmt":"2026-04-28T04:38:12","slug":"rum-lider-erdogani-davet-ettik-gelmedi-tek-istegi-turkiyenin-muhatap-almasi","status":"publish","type":"post","link":"https:\/\/eskigazeteci.com\/?p=29804","title":{"rendered":"Rum lider: Erdo\u011fan\u2019\u0131 davet ettik gelmedi&#8230; Tek iste\u011fi T\u00fcrkiye\u2019nin muhatap almas\u0131"},"content":{"rendered":"<p>ARACI SOKTU R\u0130CA ETT\u0130<\/p>\n<p>6 ayl\u0131\u011f\u0131na AB d\u00f6nem ba\u015fkanl\u0131\u011f\u0131n\u0131 y\u00fcr\u00fcten Rum lider, Yunan medyas\u0131na konu\u015ftu ve resmi bir ret yan\u0131t\u0131 alarak diplomatik krize yol a\u00e7mamak ad\u0131na araya arac\u0131lar da soktu\u011funu, T\u00fcrkiye\u2019ye, \u201cdavet etmek istiyoruz, gelir misiniz?\u201d mesajlar\u0131 g\u00f6nderdi\u011fini s\u00f6yledi. Zirveden birka\u00e7 g\u00fcn \u00f6nce Ankara\u2019dan olumsuz yan\u0131t geldi\u011fini ifade eden Hristodulidis, T\u00fcrkiye\u2019ye iletilen davetin yaln\u0131zca Cumhurba\u015fkan\u0131 Erdo\u011fan\u2019\u0131n kat\u0131l\u0131m\u0131n\u0131 kapsamad\u0131\u011f\u0131n\u0131, ayn\u0131 zamanda D\u0131\u015fi\u015fleri Bakan\u0131 Hakan Fidan\u2019\u0131n AB d\u0131\u015fi\u015fleri bakanlar\u0131n\u0131n Almanya\u2019n\u0131n Gymnich kasabas\u0131nda toplanan geleneksel gayri resmi zirvesi veya Avrupa \u0130\u015fleri Bakan Yard\u0131mc\u0131s\u0131 d\u00fczeyinde Genel \u0130\u015fler Konseyi\u2019ne kat\u0131l\u0131m\u0131n\u0131 da i\u00e7erdi\u011fini kaydetti.<\/p>\n<p>Rum lider, y\u0131lba\u015f\u0131nda AB d\u00f6nem ba\u015fkanl\u0131\u011f\u0131n\u0131 ald\u0131\u011f\u0131 zaman da Erdo\u011fan\u2019\u0131 gayri resmi AB zirvelerine davet etmeyi ama\u00e7lad\u0131\u011f\u0131n\u0131 a\u00e7\u0131klam\u0131\u015ft\u0131.<\/p>\n<p>Hristodulidis, her f\u0131rsatta Cumhurba\u015fkan\u0131 Erdo\u011fan ya da Bakan Fidan\u2019la yan yana gelmeye \u00e7al\u0131\u015f\u0131yor, ayak \u00fcst\u00fc diyaloga giriyordu.<\/p>\n<p>ANTALYA\u2019YA DAVET \u0130ST\u0130YOR<\/p>\n<p>Rum lider, kas\u0131m ay\u0131nda Antalya\u2019da yap\u0131lacak T\u00fcrkiye\u2019nin ba\u015fkanl\u0131\u011f\u0131n\u0131 yapt\u0131\u011f\u0131 BM \u0130klim De\u011fi\u015fikli\u011fi Zirvesi\u2019ne davet edilmek istiyor. AB d\u00f6nem ba\u015fkanl\u0131\u011f\u0131n\u0131 kullanan Hristodulidis , ge\u00e7en ay \u00c7evre ve&#8230;<\/p>\n","protected":false},"excerpt":{"rendered":"<p>KKTC\u2019yi baypas ederek K\u0131br\u0131s sorununu T\u00fcrkiye ile \u00e7\u00f6zmek isteyen ve ayak\u00fcst\u00fc denk geldi\u011fi her uluslararas\u0131 zirvede Cumhurba\u015fkan\u0131 Tayyip Erdo\u011fan\u2019\u0131n yan\u0131na&#8230;<\/p>\n","protected":false},"author":2,"featured_media":29803,"comment_status":"open","ping_status":"open","sticky":false,"template":"","format":"standard","meta":{"footnotes":""},"categories":[8,6,5],"tags":[],"class_list":["post-29804","post","type-post","status-publish","format-standard","has-post-thumbnail","hentry","category-arsiv","category-gundem","category-son-dakika"],"_links":{"self":[{"href":"https:\/\/eskigazeteci.com\/index.php?rest_route=\/wp\/v2\/posts\/29804","targetHints":{"allow":["GET"]}}],"collection":[{"href":"https:\/\/eskigazeteci.com\/index.php?rest_route=\/wp\/v2\/posts"}],"about":[{"href":"https:\/\/eskigazeteci.com\/index.php?rest_route=\/wp\/v2\/types\/post"}],"author":[{"embeddable":true,"href":"https:\/\/eskigazeteci.com\/index.php?rest_route=\/wp\/v2\/users\/2"}],"replies":[{"embeddable":true,"href":"https:\/\/eskigazeteci.com\/index.php?rest_route=%2Fwp%2Fv2%2Fcomments&post=29804"}],"version-history":[{"count":0,"href":"https:\/\/eskigazeteci.com\/index.php?rest_route=\/wp\/v2\/posts\/29804\/revisions"}],"wp:featuredmedia":[{"embeddable":true,"href":"https:\/\/eskigazeteci.com\/index.php?rest_route=\/wp\/v2\/media\/29803"}],"wp:attachment":[{"href":"https:\/\/eskigazeteci.com\/index.php?rest_route=%2Fwp%2Fv2%2Fmedia&parent=29804"}],"wp:term":[{"taxonomy":"category","embeddable":true,"href":"https:\/\/eskigazeteci.com\/index.php?rest_route=%2Fwp%2Fv2%2Fcategories&post=29804"},{"taxonomy":"post_tag","embeddable":true,"href":"https:\/\/eskigazeteci.com\/index.php?rest_route=%2Fwp%2Fv2%2Ftags&post=29804"}],"curies":[{"name":"wp","href":"https:\/\/api.w.org\/{rel}","templated":true}]}}