{"id":29800,"date":"2026-04-28T04:35:13","date_gmt":"2026-04-28T04:35:13","guid":{"rendered":"https:\/\/eskigazeteci.com\/?p=29800"},"modified":"2026-04-28T04:35:13","modified_gmt":"2026-04-28T04:35:13","slug":"netanyahunun-yerine-bennett-mi","status":"publish","type":"post","link":"https:\/\/eskigazeteci.com\/?p=29800","title":{"rendered":"Netanyahu\u2019nun yerine Bennett mi"},"content":{"rendered":"<p>HANG\u0130S\u0130 DAHA A\u015eIRI<\/p>\n<p>\u0130ran ile devam eden sava\u015f, L\u00fcbnan\u2019da s\u00fcrd\u00fcr\u00fclen i\u015fgal politikas\u0131, Gazze\u2019deki sistematik katliamlar ve Bat\u0131 \u015eeria\u2019da ilhak s\u00f6yleminin g\u00fc\u00e7lenmesi \u0130srail \u2019in uluslararas\u0131 kamuoyunda d\u0131\u015flanmas\u0131na yol a\u00e7sa da i\u00e7 siyasetin odak noktas\u0131 farkl\u0131. Netanyahu h\u00fck\u00fcmeti ile muhalefet partilerinin aras\u0131ndaki fark, Gazze\u2019deki soyk\u0131r\u0131ma ya da Bat\u0131 \u015eeria\u2019daki uygulamalara itirazdan ziyade bunun nas\u0131l yap\u0131laca\u011f\u0131na dair y\u00f6ntem farkl\u0131l\u0131klar\u0131ndan kaynaklan\u0131yor. Nitekim, \u0130srail\u2019in bir Yahudi ulus devleti olmas\u0131n\u0131 isteyen Bennett, uzun y\u0131llard\u0131r Bat\u0131 \u015eeria\u2019n\u0131n, Do\u011fu Kud\u00fcs\u2019\u00fcn ve Golan Tepeleri\u2019nin \u00fclkesinin k\u00fclt\u00fcrel ve tarihsel hakk\u0131 oldu\u011funu iddia ediyor. Son d\u00f6nemde de muhalefetten Netanyahu\u2019ya y\u00f6neltilen ele\u015ftiriler, \u00e7ok fazla sava\u015fmak ve bunun kar\u015f\u0131l\u0131\u011f\u0131nda gereken ba\u015far\u0131y\u0131 sa\u011flayamamak noktas\u0131nda birle\u015fmi\u015fti.<\/p>\n<p>VAATLER\u0130N\u0130 A\u00c7IKLADI<\/p>\n<p>Bennett , Lapid ile ortakl\u0131k karar\u0131n\u0131 duyurduklar\u0131 etkinlikte vaatlerini s\u0131ralarken 7 Ekim Bask\u0131n\u0131 s\u0131ras\u0131nda ihmali olanlar\u0131n tespitine ili\u015fkin devlet soru\u015fturma komisyonunu kuracaklar\u0131n\u0131, askerlikten muaf tutulan Ultra Ortodoks Yahudilere ait kurulu\u015flara aktar\u0131lan fonlar\u0131n durdurulaca\u011f\u0131n\u0131 ve ba\u015fbakanl\u0131k g\u00f6rev s\u00fcresini s\u0131n\u0131rlayan yasa \u00e7\u0131karacaklar\u0131n\u0131&#8230;<\/p>\n","protected":false},"excerpt":{"rendered":"<p>\u0130srail\u2019de muhalefette bulunan eski ba\u015fbakanlar Yair Lapid ve Naftali Bennett, 27 Ekim\u2019de yap\u0131lmas\u0131 planlanan genel se\u00e7imlerde yeni kurduklar\u0131 \u201cBirlikte&#8230;<\/p>\n","protected":false},"author":2,"featured_media":29799,"comment_status":"open","ping_status":"open","sticky":false,"template":"","format":"standard","meta":{"footnotes":""},"categories":[8,6,5],"tags":[],"class_list":["post-29800","post","type-post","status-publish","format-standard","has-post-thumbnail","hentry","category-arsiv","category-gundem","category-son-dakika"],"_links":{"self":[{"href":"https:\/\/eskigazeteci.com\/index.php?rest_route=\/wp\/v2\/posts\/29800","targetHints":{"allow":["GET"]}}],"collection":[{"href":"https:\/\/eskigazeteci.com\/index.php?rest_route=\/wp\/v2\/posts"}],"about":[{"href":"https:\/\/eskigazeteci.com\/index.php?rest_route=\/wp\/v2\/types\/post"}],"author":[{"embeddable":true,"href":"https:\/\/eskigazeteci.com\/index.php?rest_route=\/wp\/v2\/users\/2"}],"replies":[{"embeddable":true,"href":"https:\/\/eskigazeteci.com\/index.php?rest_route=%2Fwp%2Fv2%2Fcomments&post=29800"}],"version-history":[{"count":0,"href":"https:\/\/eskigazeteci.com\/index.php?rest_route=\/wp\/v2\/posts\/29800\/revisions"}],"wp:featuredmedia":[{"embeddable":true,"href":"https:\/\/eskigazeteci.com\/index.php?rest_route=\/wp\/v2\/media\/29799"}],"wp:attachment":[{"href":"https:\/\/eskigazeteci.com\/index.php?rest_route=%2Fwp%2Fv2%2Fmedia&parent=29800"}],"wp:term":[{"taxonomy":"category","embeddable":true,"href":"https:\/\/eskigazeteci.com\/index.php?rest_route=%2Fwp%2Fv2%2Fcategories&post=29800"},{"taxonomy":"post_tag","embeddable":true,"href":"https:\/\/eskigazeteci.com\/index.php?rest_route=%2Fwp%2Fv2%2Ftags&post=29800"}],"curies":[{"name":"wp","href":"https:\/\/api.w.org\/{rel}","templated":true}]}}