{"id":29794,"date":"2026-04-28T04:31:18","date_gmt":"2026-04-28T04:31:18","guid":{"rendered":"https:\/\/eskigazeteci.com\/?p=29794"},"modified":"2026-04-28T04:31:18","modified_gmt":"2026-04-28T04:31:18","slug":"fenerbahcede-aydinlar-bombasi-simdiden-dunyaca-unlu-teknik-direktorlerle-temas-kurdu","status":"publish","type":"post","link":"https:\/\/eskigazeteci.com\/?p=29794","title":{"rendered":"Fenerbah\u00e7e&#8217;de Ayd\u0131nlar bombas\u0131! \u015eimdiden d\u00fcnyaca \u00fcnl\u00fc teknik direkt\u00f6rlerle temas kurdu"},"content":{"rendered":"<p>Fenerbah\u00e7e &#x27;de t\u00fcm camian\u0131n merakla bekledi\u011fi y\u00f6netim kurulu toplant\u0131s\u0131 d\u00fcn yap\u0131ld\u0131. Galatasaray \u2019a 3-0 yenilerek \u015fampiyonluk \u015fans\u0131n\u0131 mucizelere b\u0131rakan tak\u0131m\u0131n ba\u015far\u0131s\u0131zl\u0131\u011f\u0131n\u0131n nedenlerinin konu\u015fuldu\u011fu toplant\u0131da, kongre tarihi de g\u00f6r\u00fc\u015f\u00fcld\u00fc. Kul\u00fcp binas\u0131ndaki toplant\u0131n\u0131n ard\u0131ndan futbolcularla yapt\u0131klar\u0131 g\u00f6r\u00fc\u015fmeler sonras\u0131 Domenico Tedesco\u2019yu g\u00f6nderme karar\u0131 alan y\u00f6netim, kongre tarihi konusunda ise orta noktada bulu\u015famad\u0131. Sar\u0131 lacivertliler bu kritik konudaki kararlar\u0131n\u0131 \u00f6n\u00fcm\u00fczdeki g\u00fcnlerde yapacaklar\u0131 toplant\u0131da verecek.<\/p>\n<p>Y\u00f6netimin karar\u0131 bekleniyor<\/p>\n<p>kurulu toplant\u0131s\u0131nda bunlar ya\u015fan\u0131rken, kul\u00fcb\u00fcn eski y\u00f6neticisi ve T\u00fcrkiye Futbol Federasyonu (TFF) eski ba\u015fkan\u0131 Mehmet Ali Ayd\u0131nlar\u2019dan fla\u015f bir haber geldi. Ayd\u0131nlar, mevcut ba\u015fkan Sadettin Saran y\u00f6netiminin ola\u011fan\u00fcst\u00fc kongre karar\u0131 almas\u0131 halinde ba\u015fkanl\u0131\u011fa aday olma karar\u0131 ald\u0131. Konuyla ilgili olarak bir s\u00fcredir Fenerbah\u00e7e camias\u0131n\u0131n \u00f6nde gelen isimleriyle g\u00f6r\u00fc\u015f\u00fcp tam desteklerini alan Ayd\u0131nlar\u2019\u0131n, \u015fimdiden transfer i\u00e7in \u00f6n \u00e7al\u0131\u015fmalara ba\u015flay\u0131p d\u00fcnyaca \u00fcnl\u00fc teknik direkt\u00f6rlerle temas kurdu\u011fu \u00f6\u011frenildi.<\/p>\n<p>Fenerbah\u00e7e\u2019de y\u00f6neticilik yapt\u0131<\/p>\n<p>2008-2011 y\u0131llar\u0131 aras\u0131nda TFF Y\u00f6netim Kurulu \u00dcyeli\u011fi yapan Mehmet Ali Ayd\u0131nlar, 29 Haziran&#8230;<\/p>\n","protected":false},"excerpt":{"rendered":"<p>Saran y\u00f6netimi ola\u011fan\u00fcst\u00fc kongre karar\u0131 almas\u0131 halinde ba\u015fkanl\u0131\u011fa adayl\u0131\u011f\u0131n\u0131 a\u00e7\u0131klayacak.<\/p>\n","protected":false},"author":2,"featured_media":29793,"comment_status":"open","ping_status":"open","sticky":false,"template":"","format":"standard","meta":{"footnotes":""},"categories":[8,5,7],"tags":[],"class_list":["post-29794","post","type-post","status-publish","format-standard","has-post-thumbnail","hentry","category-arsiv","category-son-dakika","category-spor"],"_links":{"self":[{"href":"https:\/\/eskigazeteci.com\/index.php?rest_route=\/wp\/v2\/posts\/29794","targetHints":{"allow":["GET"]}}],"collection":[{"href":"https:\/\/eskigazeteci.com\/index.php?rest_route=\/wp\/v2\/posts"}],"about":[{"href":"https:\/\/eskigazeteci.com\/index.php?rest_route=\/wp\/v2\/types\/post"}],"author":[{"embeddable":true,"href":"https:\/\/eskigazeteci.com\/index.php?rest_route=\/wp\/v2\/users\/2"}],"replies":[{"embeddable":true,"href":"https:\/\/eskigazeteci.com\/index.php?rest_route=%2Fwp%2Fv2%2Fcomments&post=29794"}],"version-history":[{"count":0,"href":"https:\/\/eskigazeteci.com\/index.php?rest_route=\/wp\/v2\/posts\/29794\/revisions"}],"wp:featuredmedia":[{"embeddable":true,"href":"https:\/\/eskigazeteci.com\/index.php?rest_route=\/wp\/v2\/media\/29793"}],"wp:attachment":[{"href":"https:\/\/eskigazeteci.com\/index.php?rest_route=%2Fwp%2Fv2%2Fmedia&parent=29794"}],"wp:term":[{"taxonomy":"category","embeddable":true,"href":"https:\/\/eskigazeteci.com\/index.php?rest_route=%2Fwp%2Fv2%2Fcategories&post=29794"},{"taxonomy":"post_tag","embeddable":true,"href":"https:\/\/eskigazeteci.com\/index.php?rest_route=%2Fwp%2Fv2%2Ftags&post=29794"}],"curies":[{"name":"wp","href":"https:\/\/api.w.org\/{rel}","templated":true}]}}