{"id":29790,"date":"2026-04-28T04:28:12","date_gmt":"2026-04-28T04:28:12","guid":{"rendered":"https:\/\/eskigazeteci.com\/?p=29790"},"modified":"2026-04-28T04:28:12","modified_gmt":"2026-04-28T04:28:12","slug":"karahandan-sikilasma-sinyali","status":"publish","type":"post","link":"https:\/\/eskigazeteci.com\/?p=29790","title":{"rendered":"Karahan&#8217;dan &#8216;s\u0131k\u0131la\u015fma&#8217; sinyali"},"content":{"rendered":"<p>Karahan, TCMB&#x27;nin Genel Kurulu toplant\u0131s\u0131nda yapt\u0131\u011f\u0131 konu\u015fmada, y\u0131l\u0131n ilk \u00e7eyre\u011finde talep g\u00f6stergelerinin iktisadi faaliyete yava\u015flamas\u0131na i\u015faret etti\u011fini ve jeopolitik geli\u015fmelerle birlikte enflasyon \u00fczerinde arz y\u00f6nl\u00fc bask\u0131lar\u0131n ortaya \u00e7\u0131kt\u0131\u011f\u0131n\u0131 belirtti. Karahan, al\u0131nan tedbirleri \u015f\u00f6yle anlatt\u0131:<\/p>\n","protected":false},"excerpt":{"rendered":"<p>Fatih Karahan, jeopolitik geli\u015fmelerin etkisinde \u00fclkedeki enflasyon g\u00f6r\u00fcn\u00fcm\u00fcn\u00fc g\u00f6steriyor.<\/p>\n","protected":false},"author":2,"featured_media":29789,"comment_status":"open","ping_status":"open","sticky":false,"template":"","format":"standard","meta":{"footnotes":""},"categories":[8,6,5],"tags":[],"class_list":["post-29790","post","type-post","status-publish","format-standard","has-post-thumbnail","hentry","category-arsiv","category-gundem","category-son-dakika"],"_links":{"self":[{"href":"https:\/\/eskigazeteci.com\/index.php?rest_route=\/wp\/v2\/posts\/29790","targetHints":{"allow":["GET"]}}],"collection":[{"href":"https:\/\/eskigazeteci.com\/index.php?rest_route=\/wp\/v2\/posts"}],"about":[{"href":"https:\/\/eskigazeteci.com\/index.php?rest_route=\/wp\/v2\/types\/post"}],"author":[{"embeddable":true,"href":"https:\/\/eskigazeteci.com\/index.php?rest_route=\/wp\/v2\/users\/2"}],"replies":[{"embeddable":true,"href":"https:\/\/eskigazeteci.com\/index.php?rest_route=%2Fwp%2Fv2%2Fcomments&post=29790"}],"version-history":[{"count":0,"href":"https:\/\/eskigazeteci.com\/index.php?rest_route=\/wp\/v2\/posts\/29790\/revisions"}],"wp:featuredmedia":[{"embeddable":true,"href":"https:\/\/eskigazeteci.com\/index.php?rest_route=\/wp\/v2\/media\/29789"}],"wp:attachment":[{"href":"https:\/\/eskigazeteci.com\/index.php?rest_route=%2Fwp%2Fv2%2Fmedia&parent=29790"}],"wp:term":[{"taxonomy":"category","embeddable":true,"href":"https:\/\/eskigazeteci.com\/index.php?rest_route=%2Fwp%2Fv2%2Fcategories&post=29790"},{"taxonomy":"post_tag","embeddable":true,"href":"https:\/\/eskigazeteci.com\/index.php?rest_route=%2Fwp%2Fv2%2Ftags&post=29790"}],"curies":[{"name":"wp","href":"https:\/\/api.w.org\/{rel}","templated":true}]}}