{"id":29788,"date":"2026-04-28T04:26:49","date_gmt":"2026-04-28T04:26:49","guid":{"rendered":"https:\/\/eskigazeteci.com\/?p=29788"},"modified":"2026-04-28T04:26:49","modified_gmt":"2026-04-28T04:26:49","slug":"umutlar-cicek-acti","status":"publish","type":"post","link":"https:\/\/eskigazeteci.com\/?p=29788","title":{"rendered":"Umutlar \u00e7i\u00e7ek a\u00e7t\u0131"},"content":{"rendered":"<p>TARIMDA ge\u00e7en y\u0131l 65 ilde 16 \u00fcr\u00fcn\u00fc etkileyen zirai don felaketi geride kald\u0131, tar\u0131m sekt\u00f6r\u00fc yeni sezona temkinli bir ba\u015flang\u0131\u00e7 yapt\u0131. \u00dcreticiler bir yandan hasar\u0131n izlerini silmeye \u00e7al\u0131\u015f\u0131rken, di\u011fer yandan de\u011fi\u015fen iklim ko\u015fullar\u0131yla m\u00fccadele ediyor. Bu y\u0131l sahadan gelen ilk veriler ise tar\u0131mda tek tip bir toparlanmadan ziyade \u00fcr\u00fcn bazl\u0131 iyile\u015fmeye i\u015faret ediyor. Baz\u0131 meyvelerde ge\u00e7en y\u0131l\u0131n yaratt\u0131\u011f\u0131 tahribat\u0131n a\u011fa\u00e7lar\u0131n verimini h\u00e2l\u00e2 s\u0131n\u0131rlad\u0131\u011f\u0131 belirtiliyor. Baz\u0131 \u00fcr\u00fcnlerde ise iklim ko\u015fullar\u0131n\u0131n g\u00f6rece dengeli seyretmesi nedeniyle daha olumlu bir tablo ortaya \u00e7\u0131k\u0131yor.<\/p>\n<p>T\u00fcrkiye Ziraat Odalar\u0131 Birli\u011fi (TZOB) Y\u00f6netim Kurulu \u00dcyesi Yunus K\u0131l\u0131n\u00e7, bir\u00e7ok meyve a\u011fac\u0131n\u0131n ge\u00e7en y\u0131l alm\u0131\u015f oldu\u011fu darbenin etkilerini bu y\u0131l da g\u00f6zlemlediklerini aktard\u0131.<\/p>\n<p>\u2018GE\u00c7EN YILIN HASARI S\u00dcR\u00dcYOR\u2019<\/p>\n<p>K\u0131l\u0131n\u00e7, \u201c\u00d6rne\u011fin bu y\u0131l kay\u0131s\u0131da ge\u00e7mi\u015f y\u0131llara k\u0131yasla fazla \u00e7i\u00e7eklenme ya\u015fand\u0131. \u0130nsanlar ge\u00e7en y\u0131l bah\u00e7elerin meyvesiz kalmas\u0131 nedeniyle umut ba\u011flad\u0131lar. Ancak bu \u00e7i\u00e7ekler a\u015f\u0131r\u0131 ya\u011f\u0131\u015flar nedeniyle d\u00f6k\u00fcld\u00fc, meyve oran\u0131 \u015fu an seyrek. Tabi ge\u00e7en y\u0131l kadar umutsuz de\u011filiz ancak d\u00fc\u015f\u00fck rekolteli kay\u0131s\u0131 bekliyoruz. Bu durum ba\u015fka meyve a\u011fa\u00e7lar\u0131 i\u00e7in de ge\u00e7erli\u201d dedi. Normal \u015fartlarda Malatya\u2019da 100 bin ton kuru kay\u0131s\u0131&#8230;<\/p>\n","protected":false},"excerpt":{"rendered":"<p>Tar\u0131mda zirai don i\u00e7in kritik takvim geride kald\u0131; tarla ve bah\u00e7elerde \u00fcr\u00fcn bazl\u0131 \u2018toparlanma\u2019ya dikkat \u00e7ekiliyor. 2025\u2019te 65 ili etkileyen zirai donun&#8230;<\/p>\n","protected":false},"author":2,"featured_media":29787,"comment_status":"open","ping_status":"open","sticky":false,"template":"","format":"standard","meta":{"footnotes":""},"categories":[8,6,5],"tags":[],"class_list":["post-29788","post","type-post","status-publish","format-standard","has-post-thumbnail","hentry","category-arsiv","category-gundem","category-son-dakika"],"_links":{"self":[{"href":"https:\/\/eskigazeteci.com\/index.php?rest_route=\/wp\/v2\/posts\/29788","targetHints":{"allow":["GET"]}}],"collection":[{"href":"https:\/\/eskigazeteci.com\/index.php?rest_route=\/wp\/v2\/posts"}],"about":[{"href":"https:\/\/eskigazeteci.com\/index.php?rest_route=\/wp\/v2\/types\/post"}],"author":[{"embeddable":true,"href":"https:\/\/eskigazeteci.com\/index.php?rest_route=\/wp\/v2\/users\/2"}],"replies":[{"embeddable":true,"href":"https:\/\/eskigazeteci.com\/index.php?rest_route=%2Fwp%2Fv2%2Fcomments&post=29788"}],"version-history":[{"count":0,"href":"https:\/\/eskigazeteci.com\/index.php?rest_route=\/wp\/v2\/posts\/29788\/revisions"}],"wp:featuredmedia":[{"embeddable":true,"href":"https:\/\/eskigazeteci.com\/index.php?rest_route=\/wp\/v2\/media\/29787"}],"wp:attachment":[{"href":"https:\/\/eskigazeteci.com\/index.php?rest_route=%2Fwp%2Fv2%2Fmedia&parent=29788"}],"wp:term":[{"taxonomy":"category","embeddable":true,"href":"https:\/\/eskigazeteci.com\/index.php?rest_route=%2Fwp%2Fv2%2Fcategories&post=29788"},{"taxonomy":"post_tag","embeddable":true,"href":"https:\/\/eskigazeteci.com\/index.php?rest_route=%2Fwp%2Fv2%2Ftags&post=29788"}],"curies":[{"name":"wp","href":"https:\/\/api.w.org\/{rel}","templated":true}]}}