{"id":29786,"date":"2026-04-28T04:25:17","date_gmt":"2026-04-28T04:25:17","guid":{"rendered":"https:\/\/eskigazeteci.com\/?p=29786"},"modified":"2026-04-28T04:25:17","modified_gmt":"2026-04-28T04:25:17","slug":"transit-ticarette-singapur-modeli","status":"publish","type":"post","link":"https:\/\/eskigazeteci.com\/?p=29786","title":{"rendered":"Transit ticarette Singapur modeli"},"content":{"rendered":"<p>Cumhurba\u015fkan\u0131 Yard\u0131mc\u0131s\u0131 Cevdet Y\u0131lmaz ba\u015fkanl\u0131\u011f\u0131nda ger\u00e7ekle\u015ftirilen bas\u0131n toplant\u0131s\u0131nda sunum yapan \u015eim\u015fek, \u201cVergi mimarisinde en \u00fcst lige \u00e7\u0131kmay\u0131 hedefliyoruz\u201d dedi. \u015eim\u015fek, ge\u00e7en hafta Cumhurba\u015fkan\u0131 Erdo\u011fan taraf\u0131ndan a\u00e7\u0131klanan paketin yap\u0131sal reform plan\u0131n\u0131n ilk b\u00f6l\u00fcm\u00fcn\u00fc olu\u015fturdu\u011funa i\u015faret ederek, \u015fu bilgileri verdi:<\/p>\n<p>* \u201c\u0130lk destek, transit ticarette s\u0131f\u0131r kurumlar vergisi. \u015eirket \u0130stanbul Finans Merkezi\u2019nde yerle\u015fikse transit ticaret vergisiz olacak. \u0130stanbul Finans Merkezi d\u0131\u015f\u0131nda ise y\u00fczde 95 vergi istisnas\u0131 uygulanacak. Bu d\u00fczenleme T\u00fcrkiye\u2019nin \u00e7er\u00e7evesini Singapur, Hong Kong ve Hollanda ile uyumlu hale getiriyor. Rekabet\u00e7i \u2018transit ticaret\u2019 merkezi olu\u015fturmaya \u00e7al\u0131\u015f\u0131yoruz.<\/p>\n<p>DAHA FAZLA \u0130HRACAT<\/p>\n<p>* \u0130kinci destek olarak ihracat\u00e7\u0131lar i\u00e7in kurumlar vergisi oran\u0131n\u0131 d\u00fc\u015f\u00fcrmek \u00fczere radikal bir ad\u0131m att\u0131k. Standart kurumlar vergisi oran\u0131m\u0131z y\u00fczde 25. Normal ihracat\u00e7\u0131lar bundan sonra bu oranda \u00f6nemli bir indirimden yararlanacak ve oran y\u00fczde 14\u2019e inecek. E\u011fer \u00fcretici ihracat\u00e7\u0131ysan\u0131z, kurumlar vergisi tek haneye d\u00fc\u015fecek, bu oran y\u00fczde 9 olacak.<\/p>\n<p>H\u0130ZMET \u0130HRACATINA DESTEK VER\u0130L\u0130YOR<\/p>\n<p>* \u00dc\u00e7\u00fcnc\u00fc olarak hizmet ihracat\u0131nda vergi istisnas\u0131n\u0131 y\u00fczde 100\u2019e \u00e7\u0131kar\u0131yoruz. Ama\u00e7 yaz\u0131l\u0131m, video&#8230;<\/p>\n","protected":false},"excerpt":{"rendered":"<p>Hazine ve Maliye Bakan\u0131 Mehmet \u015eim\u015fek, ge\u00e7en hafta Cumhurba\u015fkan\u0131 Recep Tayyip Erdo\u011fan taraf\u0131ndan kamuoyuna duyurulan \u201cT\u00fcrkiye Y\u00fczy\u0131l\u0131: Yat\u0131r\u0131m \u0130\u00e7in G\u00fc\u00e7l\u00fc&#8230;<\/p>\n","protected":false},"author":2,"featured_media":29785,"comment_status":"open","ping_status":"open","sticky":false,"template":"","format":"standard","meta":{"footnotes":""},"categories":[8,6,5],"tags":[],"class_list":["post-29786","post","type-post","status-publish","format-standard","has-post-thumbnail","hentry","category-arsiv","category-gundem","category-son-dakika"],"_links":{"self":[{"href":"https:\/\/eskigazeteci.com\/index.php?rest_route=\/wp\/v2\/posts\/29786","targetHints":{"allow":["GET"]}}],"collection":[{"href":"https:\/\/eskigazeteci.com\/index.php?rest_route=\/wp\/v2\/posts"}],"about":[{"href":"https:\/\/eskigazeteci.com\/index.php?rest_route=\/wp\/v2\/types\/post"}],"author":[{"embeddable":true,"href":"https:\/\/eskigazeteci.com\/index.php?rest_route=\/wp\/v2\/users\/2"}],"replies":[{"embeddable":true,"href":"https:\/\/eskigazeteci.com\/index.php?rest_route=%2Fwp%2Fv2%2Fcomments&post=29786"}],"version-history":[{"count":0,"href":"https:\/\/eskigazeteci.com\/index.php?rest_route=\/wp\/v2\/posts\/29786\/revisions"}],"wp:featuredmedia":[{"embeddable":true,"href":"https:\/\/eskigazeteci.com\/index.php?rest_route=\/wp\/v2\/media\/29785"}],"wp:attachment":[{"href":"https:\/\/eskigazeteci.com\/index.php?rest_route=%2Fwp%2Fv2%2Fmedia&parent=29786"}],"wp:term":[{"taxonomy":"category","embeddable":true,"href":"https:\/\/eskigazeteci.com\/index.php?rest_route=%2Fwp%2Fv2%2Fcategories&post=29786"},{"taxonomy":"post_tag","embeddable":true,"href":"https:\/\/eskigazeteci.com\/index.php?rest_route=%2Fwp%2Fv2%2Ftags&post=29786"}],"curies":[{"name":"wp","href":"https:\/\/api.w.org\/{rel}","templated":true}]}}