{"id":29784,"date":"2026-04-28T04:24:11","date_gmt":"2026-04-28T04:24:11","guid":{"rendered":"https:\/\/eskigazeteci.com\/?p=29784"},"modified":"2026-04-28T04:24:11","modified_gmt":"2026-04-28T04:24:11","slug":"5-soruda-sosyal-kiralik-konut","status":"publish","type":"post","link":"https:\/\/eskigazeteci.com\/?p=29784","title":{"rendered":"5 Soruda Sosyal Kiral\u0131k Konut"},"content":{"rendered":"<p>1. Evler ne zaman bitecek? Bakan Kurum, a\u011fustosta ilk 2 bin konutun teslim edilece\u011fini a\u00e7\u0131klad\u0131. 2. Sistem nas\u0131l i\u015fleyecek? Projeler tamamland\u0131ktan sonra TOK\u0130 duyuruya \u00e7\u0131kacak ve talep&#8230;<\/p>\n","protected":false},"excerpt":{"rendered":"<p>Bakanl\u0131k \u0130stanbul&#8217;u se\u00e7ti, destek veren 15 bin konut&#8230;<\/p>\n","protected":false},"author":2,"featured_media":29783,"comment_status":"open","ping_status":"open","sticky":false,"template":"","format":"standard","meta":{"footnotes":""},"categories":[8,6,5],"tags":[],"class_list":["post-29784","post","type-post","status-publish","format-standard","has-post-thumbnail","hentry","category-arsiv","category-gundem","category-son-dakika"],"_links":{"self":[{"href":"https:\/\/eskigazeteci.com\/index.php?rest_route=\/wp\/v2\/posts\/29784","targetHints":{"allow":["GET"]}}],"collection":[{"href":"https:\/\/eskigazeteci.com\/index.php?rest_route=\/wp\/v2\/posts"}],"about":[{"href":"https:\/\/eskigazeteci.com\/index.php?rest_route=\/wp\/v2\/types\/post"}],"author":[{"embeddable":true,"href":"https:\/\/eskigazeteci.com\/index.php?rest_route=\/wp\/v2\/users\/2"}],"replies":[{"embeddable":true,"href":"https:\/\/eskigazeteci.com\/index.php?rest_route=%2Fwp%2Fv2%2Fcomments&post=29784"}],"version-history":[{"count":0,"href":"https:\/\/eskigazeteci.com\/index.php?rest_route=\/wp\/v2\/posts\/29784\/revisions"}],"wp:featuredmedia":[{"embeddable":true,"href":"https:\/\/eskigazeteci.com\/index.php?rest_route=\/wp\/v2\/media\/29783"}],"wp:attachment":[{"href":"https:\/\/eskigazeteci.com\/index.php?rest_route=%2Fwp%2Fv2%2Fmedia&parent=29784"}],"wp:term":[{"taxonomy":"category","embeddable":true,"href":"https:\/\/eskigazeteci.com\/index.php?rest_route=%2Fwp%2Fv2%2Fcategories&post=29784"},{"taxonomy":"post_tag","embeddable":true,"href":"https:\/\/eskigazeteci.com\/index.php?rest_route=%2Fwp%2Fv2%2Ftags&post=29784"}],"curies":[{"name":"wp","href":"https:\/\/api.w.org\/{rel}","templated":true}]}}