{"id":29782,"date":"2026-04-28T04:23:06","date_gmt":"2026-04-28T04:23:06","guid":{"rendered":"https:\/\/eskigazeteci.com\/?p=29782"},"modified":"2026-04-28T04:23:06","modified_gmt":"2026-04-28T04:23:06","slug":"ismail-kartaldan-fenerbahceye-yesil-isik","status":"publish","type":"post","link":"https:\/\/eskigazeteci.com\/?p=29782","title":{"rendered":"\u0130smail Kartal&#8217;dan Fenerbah\u00e7e&#8217;ye ye\u015fil \u0131\u015f\u0131k!"},"content":{"rendered":"<p>\u0130smail Kartal, Fenerbah\u00e7e&#x27;yi eski teknik direkt\u00f6rl\u00fc\u011f\u00fc yapm\u0131\u015f oldu\u011fu bir \u00fclkede, yeni bir teklif gelince de\u011ferlendirecek demedi. Karar\u0131n\u0131 belirleyen ki\u015fi de fakat T\u00fcrkiye&#x27;deki bir teknik direkt\u00f6r\u00fc olarak kabul edilmi\u015ftir.<\/p>\n","protected":false},"excerpt":{"rendered":"<p>Fenerbah\u00e7e&#8217;nin eski teknik direkt\u00f6r\u00fc \u0130smail Kartal, teklif gelmesi halinde de\u011ferlendirebilece\u011fini dile getirdi.<\/p>\n","protected":false},"author":2,"featured_media":29781,"comment_status":"open","ping_status":"open","sticky":false,"template":"","format":"standard","meta":{"footnotes":""},"categories":[8,5,7],"tags":[],"class_list":["post-29782","post","type-post","status-publish","format-standard","has-post-thumbnail","hentry","category-arsiv","category-son-dakika","category-spor"],"_links":{"self":[{"href":"https:\/\/eskigazeteci.com\/index.php?rest_route=\/wp\/v2\/posts\/29782","targetHints":{"allow":["GET"]}}],"collection":[{"href":"https:\/\/eskigazeteci.com\/index.php?rest_route=\/wp\/v2\/posts"}],"about":[{"href":"https:\/\/eskigazeteci.com\/index.php?rest_route=\/wp\/v2\/types\/post"}],"author":[{"embeddable":true,"href":"https:\/\/eskigazeteci.com\/index.php?rest_route=\/wp\/v2\/users\/2"}],"replies":[{"embeddable":true,"href":"https:\/\/eskigazeteci.com\/index.php?rest_route=%2Fwp%2Fv2%2Fcomments&post=29782"}],"version-history":[{"count":0,"href":"https:\/\/eskigazeteci.com\/index.php?rest_route=\/wp\/v2\/posts\/29782\/revisions"}],"wp:featuredmedia":[{"embeddable":true,"href":"https:\/\/eskigazeteci.com\/index.php?rest_route=\/wp\/v2\/media\/29781"}],"wp:attachment":[{"href":"https:\/\/eskigazeteci.com\/index.php?rest_route=%2Fwp%2Fv2%2Fmedia&parent=29782"}],"wp:term":[{"taxonomy":"category","embeddable":true,"href":"https:\/\/eskigazeteci.com\/index.php?rest_route=%2Fwp%2Fv2%2Fcategories&post=29782"},{"taxonomy":"post_tag","embeddable":true,"href":"https:\/\/eskigazeteci.com\/index.php?rest_route=%2Fwp%2Fv2%2Ftags&post=29782"}],"curies":[{"name":"wp","href":"https:\/\/api.w.org\/{rel}","templated":true}]}}