{"id":29772,"date":"2026-04-28T04:16:20","date_gmt":"2026-04-28T04:16:20","guid":{"rendered":"https:\/\/eskigazeteci.com\/?p=29772"},"modified":"2026-04-28T04:16:20","modified_gmt":"2026-04-28T04:16:20","slug":"hurriyet-ozel","status":"publish","type":"post","link":"https:\/\/eskigazeteci.com\/?p=29772","title":{"rendered":"H\u00fcrriyet \u00f6zel"},"content":{"rendered":"<p>Fenerbah\u00e7e &#x27;nin T\u00fcrkiye Kupas\u0131\u2019ndan sonra Galatasaray \u2019a 3-0 yenilip S\u00fcper Lig \u2019e de havlu atmas\u0131ndan sonra kul\u00fcp tam anlam\u0131yla kaosun i\u00e7ine s\u00fcr\u00fcklendi. G.Saray ma\u00e7\u0131n\u0131n biti\u015fiyle birlikte sar\u0131-lacivertli y\u00f6neticiler bir araya geldi. Al\u0131nacak kararlar tart\u0131\u015f\u0131ld\u0131 ama ortak bir \u00e7\u0131k\u0131\u015f noktas\u0131 bulunamad\u0131. \u0130\u015fte o gece ya\u015fananlar ve konu\u015fulanlar&#8230;<\/p>\n","protected":false},"excerpt":{"rendered":"<p>Galatasaray derbisinden sonra sar\u0131-lacivertli y\u00f6netimde ya\u015fananlar\u0131 ve konu\u015fanlar\u0131n\u0131 a\u00e7\u0131kl\u0131yor.<\/p>\n","protected":false},"author":2,"featured_media":29771,"comment_status":"open","ping_status":"open","sticky":false,"template":"","format":"standard","meta":{"footnotes":""},"categories":[8,5,7],"tags":[],"class_list":["post-29772","post","type-post","status-publish","format-standard","has-post-thumbnail","hentry","category-arsiv","category-son-dakika","category-spor"],"_links":{"self":[{"href":"https:\/\/eskigazeteci.com\/index.php?rest_route=\/wp\/v2\/posts\/29772","targetHints":{"allow":["GET"]}}],"collection":[{"href":"https:\/\/eskigazeteci.com\/index.php?rest_route=\/wp\/v2\/posts"}],"about":[{"href":"https:\/\/eskigazeteci.com\/index.php?rest_route=\/wp\/v2\/types\/post"}],"author":[{"embeddable":true,"href":"https:\/\/eskigazeteci.com\/index.php?rest_route=\/wp\/v2\/users\/2"}],"replies":[{"embeddable":true,"href":"https:\/\/eskigazeteci.com\/index.php?rest_route=%2Fwp%2Fv2%2Fcomments&post=29772"}],"version-history":[{"count":0,"href":"https:\/\/eskigazeteci.com\/index.php?rest_route=\/wp\/v2\/posts\/29772\/revisions"}],"wp:featuredmedia":[{"embeddable":true,"href":"https:\/\/eskigazeteci.com\/index.php?rest_route=\/wp\/v2\/media\/29771"}],"wp:attachment":[{"href":"https:\/\/eskigazeteci.com\/index.php?rest_route=%2Fwp%2Fv2%2Fmedia&parent=29772"}],"wp:term":[{"taxonomy":"category","embeddable":true,"href":"https:\/\/eskigazeteci.com\/index.php?rest_route=%2Fwp%2Fv2%2Fcategories&post=29772"},{"taxonomy":"post_tag","embeddable":true,"href":"https:\/\/eskigazeteci.com\/index.php?rest_route=%2Fwp%2Fv2%2Ftags&post=29772"}],"curies":[{"name":"wp","href":"https:\/\/api.w.org\/{rel}","templated":true}]}}